{"id":1532,"date":"2018-10-27T22:24:28","date_gmt":"2018-10-27T20:24:28","guid":{"rendered":"http:\/\/saint-remy-chevreuse-tt.fr\/?p=1532"},"modified":"2018-10-27T22:24:28","modified_gmt":"2018-10-27T20:24:28","slug":"criterium-federal-tour-1","status":"publish","type":"post","link":"https:\/\/saint-remy-chevreuse-tt.fr\/index.php\/2018\/10\/27\/criterium-federal-tour-1\/","title":{"rendered":"Crit\u00e9rium F\u00e9d\u00e9ral Tour 1"},"content":{"rendered":"\t\t<div data-elementor-type=\"wp-post\" data-elementor-id=\"1532\" class=\"elementor elementor-1532 elementor-bc-flex-widget\">\n\t\t\t\t\t\t<section class=\"elementor-section elementor-top-section elementor-element elementor-element-617219a6 elementor-section-boxed elementor-section-height-default elementor-section-height-default\" data-id=\"617219a6\" data-element_type=\"section\">\n\t\t\t\t\t\t<div class=\"elementor-container elementor-column-gap-default\">\n\t\t\t\t\t<div class=\"elementor-column elementor-col-100 elementor-top-column elementor-element elementor-element-1a0a1852\" data-id=\"1a0a1852\" data-element_type=\"column\">\n\t\t\t<div class=\"elementor-widget-wrap elementor-element-populated\">\n\t\t\t\t\t\t<div class=\"elementor-element elementor-element-56331553 elementor-widget elementor-widget-text-editor\" data-id=\"56331553\" data-element_type=\"widget\" data-widget_type=\"text-editor.default\">\n\t\t\t\t<div class=\"elementor-widget-container\">\n\t\t\t\t\t\t\t<p>Le dimanche 14 octobre a eu lieu le premier tour du <strong><span style=\"color: #0000ff;\">Crit\u00e9rium F\u00e9d\u00e9ral.<\/span><\/strong><br \/>le C3R accueillait le groupe 1 D4. <strong><span style=\"color: #0000ff;\">Bernard Froidurot<\/span><\/strong> s&rsquo;\u00e9tait port\u00e9 volontaire en tant que juge arbitre de ce 1er tour, assist\u00e9 de <span style=\"color: #0000ff;\"><strong>Caroline<\/strong><\/span>.<br \/>le club \u00e9tait repr\u00e9sent\u00e9 par <span style=\"color: #0000ff;\"><strong>Yann Legros<\/strong> <\/span>qui survolait les d\u00e9bats en terminant \u00e0 la premi\u00e8re place.<\/p><p>A suivre au prochain tour !!<\/p>\t\t\t\t\t\t<\/div>\n\t\t\t\t<\/div>\n\t\t\t\t\t<\/div>\n\t\t<\/div>\n\t\t\t\t\t<\/div>\n\t\t<\/section>\n\t\t\t\t<section class=\"elementor-section elementor-top-section elementor-element elementor-element-bea9b36 elementor-section-boxed elementor-section-height-default elementor-section-height-default\" data-id=\"bea9b36\" data-element_type=\"section\">\n\t\t\t\t\t\t<div class=\"elementor-container elementor-column-gap-default\">\n\t\t\t\t\t<div class=\"elementor-column elementor-col-33 elementor-top-column elementor-element elementor-element-777d67f\" data-id=\"777d67f\" data-element_type=\"column\">\n\t\t\t<div class=\"elementor-widget-wrap elementor-element-populated\">\n\t\t\t\t\t\t<div class=\"elementor-element elementor-element-a00fa6a elementor-widget elementor-widget-image\" data-id=\"a00fa6a\" data-element_type=\"widget\" data-widget_type=\"image.default\">\n\t\t\t\t<div class=\"elementor-widget-container\">\n\t\t\t\t\t\t\t\t\t\t<figure class=\"wp-caption\">\n\t\t\t\t\t\t\t\t\t\t\t<a href=\"https:\/\/i0.wp.com\/saint-remy-chevreuse-tt.fr\/wp-content\/uploads\/2018\/10\/20181014_122848.jpg\" data-elementor-open-lightbox=\"yes\" data-elementor-lightbox-title=\"20181014_122848\" data-e-action-hash=\"#elementor-action%3Aaction%3Dlightbox%26settings%3DeyJpZCI6MTUzMywidXJsIjoiaHR0cHM6XC9cL3NhaW50LXJlbXktY2hldnJldXNlLXR0LmZyXC93cC1jb250ZW50XC91cGxvYWRzXC8yMDE4XC8xMFwvMjAxODEwMTRfMTIyODQ4LmpwZyJ9\">\n\t\t\t\t\t\t\t<img fetchpriority=\"high\" decoding=\"async\" data-attachment-id=\"1533\" data-permalink=\"https:\/\/saint-remy-chevreuse-tt.fr\/index.php\/2018\/10\/27\/criterium-federal-tour-1\/20181014_122848\/#main\" data-orig-file=\"https:\/\/i0.wp.com\/saint-remy-chevreuse-tt.fr\/wp-content\/uploads\/2018\/10\/20181014_122848.jpg?fit=4032%2C2268&amp;ssl=1\" data-orig-size=\"4032,2268\" data-comments-opened=\"0\" data-image-meta=\"{&quot;aperture&quot;:&quot;1.7&quot;,&quot;credit&quot;:&quot;&quot;,&quot;camera&quot;:&quot;SM-G935F&quot;,&quot;caption&quot;:&quot;&quot;,&quot;created_timestamp&quot;:&quot;1539520128&quot;,&quot;copyright&quot;:&quot;&quot;,&quot;focal_length&quot;:&quot;4.2&quot;,&quot;iso&quot;:&quot;64&quot;,&quot;shutter_speed&quot;:&quot;0.02&quot;,&quot;title&quot;:&quot;&quot;,&quot;orientation&quot;:&quot;1&quot;}\" data-image-title=\"20181014_122848\" data-image-description=\"\" data-image-caption=\"\" data-medium-file=\"https:\/\/i0.wp.com\/saint-remy-chevreuse-tt.fr\/wp-content\/uploads\/2018\/10\/20181014_122848.jpg?fit=300%2C169&amp;ssl=1\" data-large-file=\"https:\/\/i0.wp.com\/saint-remy-chevreuse-tt.fr\/wp-content\/uploads\/2018\/10\/20181014_122848.jpg?fit=654%2C368&amp;ssl=1\" tabindex=\"0\" role=\"button\" width=\"654\" height=\"368\" src=\"https:\/\/i0.wp.com\/saint-remy-chevreuse-tt.fr\/wp-content\/uploads\/2018\/10\/20181014_122848.jpg?fit=654%2C368&amp;ssl=1\" class=\"attachment-large size-large wp-image-1533\" alt=\"\" srcset=\"https:\/\/i0.wp.com\/saint-remy-chevreuse-tt.fr\/wp-content\/uploads\/2018\/10\/20181014_122848.jpg?w=4032&amp;ssl=1 4032w, https:\/\/i0.wp.com\/saint-remy-chevreuse-tt.fr\/wp-content\/uploads\/2018\/10\/20181014_122848.jpg?resize=300%2C169&amp;ssl=1 300w, https:\/\/i0.wp.com\/saint-remy-chevreuse-tt.fr\/wp-content\/uploads\/2018\/10\/20181014_122848.jpg?resize=768%2C432&amp;ssl=1 768w, https:\/\/i0.wp.com\/saint-remy-chevreuse-tt.fr\/wp-content\/uploads\/2018\/10\/20181014_122848.jpg?resize=1024%2C576&amp;ssl=1 1024w, https:\/\/i0.wp.com\/saint-remy-chevreuse-tt.fr\/wp-content\/uploads\/2018\/10\/20181014_122848.jpg?resize=2%2C1&amp;ssl=1 2w, https:\/\/i0.wp.com\/saint-remy-chevreuse-tt.fr\/wp-content\/uploads\/2018\/10\/20181014_122848.jpg?resize=700%2C394&amp;ssl=1 700w, https:\/\/i0.wp.com\/saint-remy-chevreuse-tt.fr\/wp-content\/uploads\/2018\/10\/20181014_122848.jpg?w=1308 1308w, https:\/\/i0.wp.com\/saint-remy-chevreuse-tt.fr\/wp-content\/uploads\/2018\/10\/20181014_122848.jpg?w=1962 1962w\" sizes=\"(max-width: 654px) 100vw, 654px\" data-attachment-id=\"1533\" data-permalink=\"https:\/\/saint-remy-chevreuse-tt.fr\/index.php\/2018\/10\/27\/criterium-federal-tour-1\/20181014_122848\/#main\" data-orig-file=\"https:\/\/i0.wp.com\/saint-remy-chevreuse-tt.fr\/wp-content\/uploads\/2018\/10\/20181014_122848.jpg?fit=4032%2C2268&amp;ssl=1\" data-orig-size=\"4032,2268\" data-comments-opened=\"0\" data-image-meta=\"{&quot;aperture&quot;:&quot;1.7&quot;,&quot;credit&quot;:&quot;&quot;,&quot;camera&quot;:&quot;SM-G935F&quot;,&quot;caption&quot;:&quot;&quot;,&quot;created_timestamp&quot;:&quot;1539520128&quot;,&quot;copyright&quot;:&quot;&quot;,&quot;focal_length&quot;:&quot;4.2&quot;,&quot;iso&quot;:&quot;64&quot;,&quot;shutter_speed&quot;:&quot;0.02&quot;,&quot;title&quot;:&quot;&quot;,&quot;orientation&quot;:&quot;1&quot;}\" data-image-title=\"20181014_122848\" data-image-description=\"\" data-image-caption=\"\" data-medium-file=\"https:\/\/i0.wp.com\/saint-remy-chevreuse-tt.fr\/wp-content\/uploads\/2018\/10\/20181014_122848.jpg?fit=300%2C169&amp;ssl=1\" data-large-file=\"https:\/\/i0.wp.com\/saint-remy-chevreuse-tt.fr\/wp-content\/uploads\/2018\/10\/20181014_122848.jpg?fit=654%2C368&amp;ssl=1\" role=\"button\" \/>\t\t\t\t\t\t\t\t<\/a>\n\t\t\t\t\t\t\t\t\t\t\t<figcaption class=\"widget-image-caption wp-caption-text\">Yann apr\u00e8s sa victoire en finale 3-0<\/figcaption>\n\t\t\t\t\t\t\t\t\t\t<\/figure>\n\t\t\t\t\t\t\t<\/div>\n\t\t\t\t<\/div>\n\t\t\t\t\t<\/div>\n\t\t<\/div>\n\t\t\t\t<div class=\"elementor-column elementor-col-33 elementor-top-column elementor-element elementor-element-bb5e066\" data-id=\"bb5e066\" data-element_type=\"column\">\n\t\t\t<div class=\"elementor-widget-wrap elementor-element-populated\">\n\t\t\t\t\t\t<div class=\"elementor-element elementor-element-ba523dd elementor-widget elementor-widget-image\" data-id=\"ba523dd\" data-element_type=\"widget\" data-widget_type=\"image.default\">\n\t\t\t\t<div class=\"elementor-widget-container\">\n\t\t\t\t\t\t\t\t\t\t<figure class=\"wp-caption\">\n\t\t\t\t\t\t\t\t\t\t\t<a href=\"https:\/\/i0.wp.com\/saint-remy-chevreuse-tt.fr\/wp-content\/uploads\/2018\/10\/20181014_122855.jpg\" data-elementor-open-lightbox=\"yes\" data-elementor-lightbox-title=\"20181014_122855\" data-e-action-hash=\"#elementor-action%3Aaction%3Dlightbox%26settings%3DeyJpZCI6MTUzNCwidXJsIjoiaHR0cHM6XC9cL3NhaW50LXJlbXktY2hldnJldXNlLXR0LmZyXC93cC1jb250ZW50XC91cGxvYWRzXC8yMDE4XC8xMFwvMjAxODEwMTRfMTIyODU1LmpwZyJ9\">\n\t\t\t\t\t\t\t<img decoding=\"async\" data-attachment-id=\"1534\" data-permalink=\"https:\/\/saint-remy-chevreuse-tt.fr\/index.php\/2018\/10\/27\/criterium-federal-tour-1\/20181014_122855\/#main\" data-orig-file=\"https:\/\/i0.wp.com\/saint-remy-chevreuse-tt.fr\/wp-content\/uploads\/2018\/10\/20181014_122855.jpg?fit=4032%2C2268&amp;ssl=1\" data-orig-size=\"4032,2268\" data-comments-opened=\"0\" data-image-meta=\"{&quot;aperture&quot;:&quot;1.7&quot;,&quot;credit&quot;:&quot;&quot;,&quot;camera&quot;:&quot;SM-G935F&quot;,&quot;caption&quot;:&quot;&quot;,&quot;created_timestamp&quot;:&quot;1539520135&quot;,&quot;copyright&quot;:&quot;&quot;,&quot;focal_length&quot;:&quot;4.2&quot;,&quot;iso&quot;:&quot;64&quot;,&quot;shutter_speed&quot;:&quot;0.01&quot;,&quot;title&quot;:&quot;&quot;,&quot;orientation&quot;:&quot;1&quot;}\" data-image-title=\"20181014_122855\" data-image-description=\"\" data-image-caption=\"\" data-medium-file=\"https:\/\/i0.wp.com\/saint-remy-chevreuse-tt.fr\/wp-content\/uploads\/2018\/10\/20181014_122855.jpg?fit=300%2C169&amp;ssl=1\" data-large-file=\"https:\/\/i0.wp.com\/saint-remy-chevreuse-tt.fr\/wp-content\/uploads\/2018\/10\/20181014_122855.jpg?fit=654%2C368&amp;ssl=1\" tabindex=\"0\" role=\"button\" width=\"654\" height=\"368\" src=\"https:\/\/i0.wp.com\/saint-remy-chevreuse-tt.fr\/wp-content\/uploads\/2018\/10\/20181014_122855.jpg?fit=654%2C368&amp;ssl=1\" class=\"attachment-large size-large wp-image-1534\" alt=\"\" srcset=\"https:\/\/i0.wp.com\/saint-remy-chevreuse-tt.fr\/wp-content\/uploads\/2018\/10\/20181014_122855.jpg?w=4032&amp;ssl=1 4032w, https:\/\/i0.wp.com\/saint-remy-chevreuse-tt.fr\/wp-content\/uploads\/2018\/10\/20181014_122855.jpg?resize=300%2C169&amp;ssl=1 300w, https:\/\/i0.wp.com\/saint-remy-chevreuse-tt.fr\/wp-content\/uploads\/2018\/10\/20181014_122855.jpg?resize=768%2C432&amp;ssl=1 768w, https:\/\/i0.wp.com\/saint-remy-chevreuse-tt.fr\/wp-content\/uploads\/2018\/10\/20181014_122855.jpg?resize=1024%2C576&amp;ssl=1 1024w, https:\/\/i0.wp.com\/saint-remy-chevreuse-tt.fr\/wp-content\/uploads\/2018\/10\/20181014_122855.jpg?resize=2%2C1&amp;ssl=1 2w, https:\/\/i0.wp.com\/saint-remy-chevreuse-tt.fr\/wp-content\/uploads\/2018\/10\/20181014_122855.jpg?resize=700%2C394&amp;ssl=1 700w, https:\/\/i0.wp.com\/saint-remy-chevreuse-tt.fr\/wp-content\/uploads\/2018\/10\/20181014_122855.jpg?w=1308 1308w, https:\/\/i0.wp.com\/saint-remy-chevreuse-tt.fr\/wp-content\/uploads\/2018\/10\/20181014_122855.jpg?w=1962 1962w\" sizes=\"(max-width: 654px) 100vw, 654px\" data-attachment-id=\"1534\" data-permalink=\"https:\/\/saint-remy-chevreuse-tt.fr\/index.php\/2018\/10\/27\/criterium-federal-tour-1\/20181014_122855\/#main\" data-orig-file=\"https:\/\/i0.wp.com\/saint-remy-chevreuse-tt.fr\/wp-content\/uploads\/2018\/10\/20181014_122855.jpg?fit=4032%2C2268&amp;ssl=1\" data-orig-size=\"4032,2268\" data-comments-opened=\"0\" data-image-meta=\"{&quot;aperture&quot;:&quot;1.7&quot;,&quot;credit&quot;:&quot;&quot;,&quot;camera&quot;:&quot;SM-G935F&quot;,&quot;caption&quot;:&quot;&quot;,&quot;created_timestamp&quot;:&quot;1539520135&quot;,&quot;copyright&quot;:&quot;&quot;,&quot;focal_length&quot;:&quot;4.2&quot;,&quot;iso&quot;:&quot;64&quot;,&quot;shutter_speed&quot;:&quot;0.01&quot;,&quot;title&quot;:&quot;&quot;,&quot;orientation&quot;:&quot;1&quot;}\" data-image-title=\"20181014_122855\" data-image-description=\"\" data-image-caption=\"\" data-medium-file=\"https:\/\/i0.wp.com\/saint-remy-chevreuse-tt.fr\/wp-content\/uploads\/2018\/10\/20181014_122855.jpg?fit=300%2C169&amp;ssl=1\" data-large-file=\"https:\/\/i0.wp.com\/saint-remy-chevreuse-tt.fr\/wp-content\/uploads\/2018\/10\/20181014_122855.jpg?fit=654%2C368&amp;ssl=1\" role=\"button\" \/>\t\t\t\t\t\t\t\t<\/a>\n\t\t\t\t\t\t\t\t\t\t\t<figcaption class=\"widget-image-caption wp-caption-text\">Bernard<\/figcaption>\n\t\t\t\t\t\t\t\t\t\t<\/figure>\n\t\t\t\t\t\t\t<\/div>\n\t\t\t\t<\/div>\n\t\t\t\t\t<\/div>\n\t\t<\/div>\n\t\t\t\t<div class=\"elementor-column elementor-col-33 elementor-top-column elementor-element elementor-element-46dd5aa\" data-id=\"46dd5aa\" data-element_type=\"column\">\n\t\t\t<div class=\"elementor-widget-wrap elementor-element-populated\">\n\t\t\t\t\t\t<div class=\"elementor-element elementor-element-13aa5b8 elementor-widget elementor-widget-image\" data-id=\"13aa5b8\" data-element_type=\"widget\" data-widget_type=\"image.default\">\n\t\t\t\t<div class=\"elementor-widget-container\">\n\t\t\t\t\t\t\t\t\t\t<figure class=\"wp-caption\">\n\t\t\t\t\t\t\t\t\t\t\t<a href=\"https:\/\/i0.wp.com\/saint-remy-chevreuse-tt.fr\/wp-content\/uploads\/2018\/10\/20181014_123127.jpg\" data-elementor-open-lightbox=\"yes\" data-elementor-lightbox-title=\"20181014_123127\" data-e-action-hash=\"#elementor-action%3Aaction%3Dlightbox%26settings%3DeyJpZCI6MTUzNSwidXJsIjoiaHR0cHM6XC9cL3NhaW50LXJlbXktY2hldnJldXNlLXR0LmZyXC93cC1jb250ZW50XC91cGxvYWRzXC8yMDE4XC8xMFwvMjAxODEwMTRfMTIzMTI3LmpwZyJ9\">\n\t\t\t\t\t\t\t<img decoding=\"async\" data-attachment-id=\"1535\" data-permalink=\"https:\/\/saint-remy-chevreuse-tt.fr\/index.php\/2018\/10\/27\/criterium-federal-tour-1\/20181014_123127\/#main\" data-orig-file=\"https:\/\/i0.wp.com\/saint-remy-chevreuse-tt.fr\/wp-content\/uploads\/2018\/10\/20181014_123127.jpg?fit=4032%2C2268&amp;ssl=1\" data-orig-size=\"4032,2268\" data-comments-opened=\"0\" data-image-meta=\"{&quot;aperture&quot;:&quot;1.7&quot;,&quot;credit&quot;:&quot;&quot;,&quot;camera&quot;:&quot;SM-G935F&quot;,&quot;caption&quot;:&quot;&quot;,&quot;created_timestamp&quot;:&quot;1539520286&quot;,&quot;copyright&quot;:&quot;&quot;,&quot;focal_length&quot;:&quot;4.2&quot;,&quot;iso&quot;:&quot;50&quot;,&quot;shutter_speed&quot;:&quot;0.02&quot;,&quot;title&quot;:&quot;&quot;,&quot;orientation&quot;:&quot;1&quot;}\" data-image-title=\"20181014_123127\" data-image-description=\"\" data-image-caption=\"\" data-medium-file=\"https:\/\/i0.wp.com\/saint-remy-chevreuse-tt.fr\/wp-content\/uploads\/2018\/10\/20181014_123127.jpg?fit=300%2C169&amp;ssl=1\" data-large-file=\"https:\/\/i0.wp.com\/saint-remy-chevreuse-tt.fr\/wp-content\/uploads\/2018\/10\/20181014_123127.jpg?fit=654%2C368&amp;ssl=1\" tabindex=\"0\" role=\"button\" width=\"654\" height=\"368\" src=\"https:\/\/i0.wp.com\/saint-remy-chevreuse-tt.fr\/wp-content\/uploads\/2018\/10\/20181014_123127.jpg?fit=654%2C368&amp;ssl=1\" class=\"attachment-large size-large wp-image-1535\" alt=\"\" srcset=\"https:\/\/i0.wp.com\/saint-remy-chevreuse-tt.fr\/wp-content\/uploads\/2018\/10\/20181014_123127.jpg?w=4032&amp;ssl=1 4032w, https:\/\/i0.wp.com\/saint-remy-chevreuse-tt.fr\/wp-content\/uploads\/2018\/10\/20181014_123127.jpg?resize=300%2C169&amp;ssl=1 300w, https:\/\/i0.wp.com\/saint-remy-chevreuse-tt.fr\/wp-content\/uploads\/2018\/10\/20181014_123127.jpg?resize=768%2C432&amp;ssl=1 768w, https:\/\/i0.wp.com\/saint-remy-chevreuse-tt.fr\/wp-content\/uploads\/2018\/10\/20181014_123127.jpg?resize=1024%2C576&amp;ssl=1 1024w, https:\/\/i0.wp.com\/saint-remy-chevreuse-tt.fr\/wp-content\/uploads\/2018\/10\/20181014_123127.jpg?resize=2%2C1&amp;ssl=1 2w, https:\/\/i0.wp.com\/saint-remy-chevreuse-tt.fr\/wp-content\/uploads\/2018\/10\/20181014_123127.jpg?resize=700%2C394&amp;ssl=1 700w, https:\/\/i0.wp.com\/saint-remy-chevreuse-tt.fr\/wp-content\/uploads\/2018\/10\/20181014_123127.jpg?w=1308 1308w, https:\/\/i0.wp.com\/saint-remy-chevreuse-tt.fr\/wp-content\/uploads\/2018\/10\/20181014_123127.jpg?w=1962 1962w\" sizes=\"(max-width: 654px) 100vw, 654px\" data-attachment-id=\"1535\" data-permalink=\"https:\/\/saint-remy-chevreuse-tt.fr\/index.php\/2018\/10\/27\/criterium-federal-tour-1\/20181014_123127\/#main\" data-orig-file=\"https:\/\/i0.wp.com\/saint-remy-chevreuse-tt.fr\/wp-content\/uploads\/2018\/10\/20181014_123127.jpg?fit=4032%2C2268&amp;ssl=1\" data-orig-size=\"4032,2268\" data-comments-opened=\"0\" data-image-meta=\"{&quot;aperture&quot;:&quot;1.7&quot;,&quot;credit&quot;:&quot;&quot;,&quot;camera&quot;:&quot;SM-G935F&quot;,&quot;caption&quot;:&quot;&quot;,&quot;created_timestamp&quot;:&quot;1539520286&quot;,&quot;copyright&quot;:&quot;&quot;,&quot;focal_length&quot;:&quot;4.2&quot;,&quot;iso&quot;:&quot;50&quot;,&quot;shutter_speed&quot;:&quot;0.02&quot;,&quot;title&quot;:&quot;&quot;,&quot;orientation&quot;:&quot;1&quot;}\" data-image-title=\"20181014_123127\" data-image-description=\"\" data-image-caption=\"\" data-medium-file=\"https:\/\/i0.wp.com\/saint-remy-chevreuse-tt.fr\/wp-content\/uploads\/2018\/10\/20181014_123127.jpg?fit=300%2C169&amp;ssl=1\" data-large-file=\"https:\/\/i0.wp.com\/saint-remy-chevreuse-tt.fr\/wp-content\/uploads\/2018\/10\/20181014_123127.jpg?fit=654%2C368&amp;ssl=1\" role=\"button\" \/>\t\t\t\t\t\t\t\t<\/a>\n\t\t\t\t\t\t\t\t\t\t\t<figcaption class=\"widget-image-caption wp-caption-text\">Yann, Caroline et Bernard<\/figcaption>\n\t\t\t\t\t\t\t\t\t\t<\/figure>\n\t\t\t\t\t\t\t<\/div>\n\t\t\t\t<\/div>\n\t\t\t\t\t<\/div>\n\t\t<\/div>\n\t\t\t\t\t<\/div>\n\t\t<\/section>\n\t\t\t\t<\/div>\n\t\t","protected":false},"excerpt":{"rendered":"<p>Le dimanche 14 octobre a eu lieu le premier tour du Crit\u00e9rium F\u00e9d\u00e9ral. le C3R accueillait le groupe 1 D4. Bernard Froidurot s&rsquo;\u00e9tait port\u00e9 volontaire en tant que juge arbitre de ce 1er tour, assist\u00e9 de Caroline. le club \u00e9tait repr\u00e9sent\u00e9 par Yann Legros qui survolait les d\u00e9bats en terminant \u00e0 la premi\u00e8re place. A [&hellip;]<\/p>\n","protected":false},"author":1,"featured_media":0,"comment_status":"closed","ping_status":"closed","sticky":false,"template":"","format":"standard","meta":{"_jetpack_memberships_contains_paid_content":false,"footnotes":"","jetpack_publicize_message":"","jetpack_publicize_feature_enabled":true,"jetpack_social_post_already_shared":true,"jetpack_social_options":{"image_generator_settings":{"template":"highway","enabled":false},"version":2}},"categories":[37],"tags":[],"class_list":["post-1532","post","type-post","status-publish","format-standard","hentry","category-article"],"jetpack_publicize_connections":[],"aioseo_notices":[],"jetpack_featured_media_url":"","jetpack_sharing_enabled":true,"jetpack_shortlink":"https:\/\/wp.me\/p9Eq5I-oI","jetpack_likes_enabled":false,"jetpack-related-posts":[],"post_mailing_queue_ids":[],"_links":{"self":[{"href":"https:\/\/saint-remy-chevreuse-tt.fr\/index.php\/wp-json\/wp\/v2\/posts\/1532"}],"collection":[{"href":"https:\/\/saint-remy-chevreuse-tt.fr\/index.php\/wp-json\/wp\/v2\/posts"}],"about":[{"href":"https:\/\/saint-remy-chevreuse-tt.fr\/index.php\/wp-json\/wp\/v2\/types\/post"}],"author":[{"embeddable":true,"href":"https:\/\/saint-remy-chevreuse-tt.fr\/index.php\/wp-json\/wp\/v2\/users\/1"}],"replies":[{"embeddable":true,"href":"https:\/\/saint-remy-chevreuse-tt.fr\/index.php\/wp-json\/wp\/v2\/comments?post=1532"}],"version-history":[{"count":2,"href":"https:\/\/saint-remy-chevreuse-tt.fr\/index.php\/wp-json\/wp\/v2\/posts\/1532\/revisions"}],"predecessor-version":[{"id":1537,"href":"https:\/\/saint-remy-chevreuse-tt.fr\/index.php\/wp-json\/wp\/v2\/posts\/1532\/revisions\/1537"}],"wp:attachment":[{"href":"https:\/\/saint-remy-chevreuse-tt.fr\/index.php\/wp-json\/wp\/v2\/media?parent=1532"}],"wp:term":[{"taxonomy":"category","embeddable":true,"href":"https:\/\/saint-remy-chevreuse-tt.fr\/index.php\/wp-json\/wp\/v2\/categories?post=1532"},{"taxonomy":"post_tag","embeddable":true,"href":"https:\/\/saint-remy-chevreuse-tt.fr\/index.php\/wp-json\/wp\/v2\/tags?post=1532"}],"curies":[{"name":"wp","href":"https:\/\/api.w.org\/{rel}","templated":true}]}}