{"id":1616,"date":"2018-11-12T00:01:38","date_gmt":"2018-11-11T23:01:38","guid":{"rendered":"http:\/\/saint-remy-chevreuse-tt.fr\/?p=1616"},"modified":"2018-11-12T00:04:58","modified_gmt":"2018-11-11T23:04:58","slug":"resultats-du-championnat-departemental-veterans-a-st-arnoult-en-yvelines","status":"publish","type":"post","link":"https:\/\/saint-remy-chevreuse-tt.fr\/index.php\/2018\/11\/12\/resultats-du-championnat-departemental-veterans-a-st-arnoult-en-yvelines\/","title":{"rendered":"R\u00e9sultats du championnat d\u00e9partemental v\u00e9t\u00e9rans \u00e0 St-Arnoult-en-Yvelines"},"content":{"rendered":"\t\t<div data-elementor-type=\"wp-post\" data-elementor-id=\"1616\" class=\"elementor elementor-1616 elementor-bc-flex-widget\">\n\t\t\t\t\t\t<section class=\"elementor-section elementor-top-section elementor-element elementor-element-71504e76 elementor-section-boxed elementor-section-height-default elementor-section-height-default\" data-id=\"71504e76\" data-element_type=\"section\">\n\t\t\t\t\t\t<div class=\"elementor-container elementor-column-gap-default\">\n\t\t\t\t\t<div class=\"elementor-column elementor-col-100 elementor-top-column elementor-element elementor-element-735a7767\" data-id=\"735a7767\" data-element_type=\"column\">\n\t\t\t<div class=\"elementor-widget-wrap elementor-element-populated\">\n\t\t\t\t\t\t<div class=\"elementor-element elementor-element-41dd1991 elementor-widget elementor-widget-text-editor\" data-id=\"41dd1991\" data-element_type=\"widget\" data-widget_type=\"text-editor.default\">\n\t\t\t\t<div class=\"elementor-widget-container\">\n\t\t\t\t\t\t\t<p>Quel beau bilan pour nos v\u00e9t\u00e9rans de <span style=\"color: #0000ff;\">Saint-R\u00e9my TT<\/span> lors du championnat d\u00e9partemental v\u00e9t\u00e9rans \u00e0 St-Arnoult-en-Yvelines ce dimanche 11 novembre. Trois superbes premi\u00e8res places sur le podium des V4, V2 et V1.<\/p><p><span style=\"color: #0000ff;\"><strong>Roger\u00a0<\/strong><\/span>: 1<sup>ER<\/sup> en <b>V4<br \/><span style=\"color: #0000ff;\">Jean-Michel<\/span><\/b> : 1<sup>ER<\/sup> en <b>V2<br \/><span style=\"color: #0000ff;\">Bruno<\/span> <span style=\"color: #0000ff;\">Querien <\/span><\/b>: 1<sup>ER<\/sup> en <b>V1<\/b><\/p><p>Un grand bravo \u00e0 eux, et n&rsquo;oubliez pas de les f\u00e9liciter lorsque vous les croiserez lors des prochaines s\u00e9ances d&rsquo;entra\u00eenements.\u00a0 <b><br \/><\/b><\/p>\t\t\t\t\t\t<\/div>\n\t\t\t\t<\/div>\n\t\t\t\t\t<\/div>\n\t\t<\/div>\n\t\t\t\t\t<\/div>\n\t\t<\/section>\n\t\t\t\t<section class=\"elementor-section elementor-top-section elementor-element elementor-element-22533bd elementor-section-boxed elementor-section-height-default elementor-section-height-default\" data-id=\"22533bd\" data-element_type=\"section\">\n\t\t\t\t\t\t<div class=\"elementor-container elementor-column-gap-default\">\n\t\t\t\t\t<div class=\"elementor-column elementor-col-25 elementor-top-column elementor-element elementor-element-d9accc6\" data-id=\"d9accc6\" data-element_type=\"column\">\n\t\t\t<div class=\"elementor-widget-wrap elementor-element-populated\">\n\t\t\t\t\t\t<div class=\"elementor-element elementor-element-9b5ec36 elementor-widget elementor-widget-image\" data-id=\"9b5ec36\" data-element_type=\"widget\" data-widget_type=\"image.default\">\n\t\t\t\t<div class=\"elementor-widget-container\">\n\t\t\t\t\t\t\t\t\t\t<figure class=\"wp-caption\">\n\t\t\t\t\t\t\t\t\t\t\t<a href=\"https:\/\/i0.wp.com\/saint-remy-chevreuse-tt.fr\/wp-content\/uploads\/2018\/11\/roger-V4-Coupe-Dpt-2018.jpg\" data-elementor-open-lightbox=\"yes\" data-elementor-lightbox-title=\"roger V4 Coupe Dpt 2018\" data-e-action-hash=\"#elementor-action%3Aaction%3Dlightbox%26settings%3DeyJpZCI6MTYyMCwidXJsIjoiaHR0cHM6XC9cL3NhaW50LXJlbXktY2hldnJldXNlLXR0LmZyXC93cC1jb250ZW50XC91cGxvYWRzXC8yMDE4XC8xMVwvcm9nZXItVjQtQ291cGUtRHB0LTIwMTguanBnIn0%3D\">\n\t\t\t\t\t\t\t<img fetchpriority=\"high\" decoding=\"async\" data-attachment-id=\"1620\" data-permalink=\"https:\/\/saint-remy-chevreuse-tt.fr\/index.php\/2018\/11\/12\/resultats-du-championnat-departemental-veterans-a-st-arnoult-en-yvelines\/roger-v4-coupe-dpt-2018\/#main\" data-orig-file=\"https:\/\/i0.wp.com\/saint-remy-chevreuse-tt.fr\/wp-content\/uploads\/2018\/11\/roger-V4-Coupe-Dpt-2018.jpg?fit=3024%2C4032&amp;ssl=1\" data-orig-size=\"3024,4032\" data-comments-opened=\"0\" data-image-meta=\"{&quot;aperture&quot;:&quot;1.8&quot;,&quot;credit&quot;:&quot;&quot;,&quot;camera&quot;:&quot;iPhone X&quot;,&quot;caption&quot;:&quot;&quot;,&quot;created_timestamp&quot;:&quot;1541943836&quot;,&quot;copyright&quot;:&quot;&quot;,&quot;focal_length&quot;:&quot;4&quot;,&quot;iso&quot;:&quot;50&quot;,&quot;shutter_speed&quot;:&quot;0.058823529411765&quot;,&quot;title&quot;:&quot;&quot;,&quot;orientation&quot;:&quot;1&quot;}\" data-image-title=\"roger V4 Coupe Dpt 2018\" data-image-description=\"\" data-image-caption=\"\" data-medium-file=\"https:\/\/i0.wp.com\/saint-remy-chevreuse-tt.fr\/wp-content\/uploads\/2018\/11\/roger-V4-Coupe-Dpt-2018.jpg?fit=225%2C300&amp;ssl=1\" data-large-file=\"https:\/\/i0.wp.com\/saint-remy-chevreuse-tt.fr\/wp-content\/uploads\/2018\/11\/roger-V4-Coupe-Dpt-2018.jpg?fit=654%2C872&amp;ssl=1\" tabindex=\"0\" role=\"button\" width=\"654\" height=\"872\" src=\"https:\/\/i0.wp.com\/saint-remy-chevreuse-tt.fr\/wp-content\/uploads\/2018\/11\/roger-V4-Coupe-Dpt-2018.jpg?fit=654%2C872&amp;ssl=1\" class=\"attachment-large size-large wp-image-1620\" alt=\"\" srcset=\"https:\/\/i0.wp.com\/saint-remy-chevreuse-tt.fr\/wp-content\/uploads\/2018\/11\/roger-V4-Coupe-Dpt-2018.jpg?w=3024&amp;ssl=1 3024w, https:\/\/i0.wp.com\/saint-remy-chevreuse-tt.fr\/wp-content\/uploads\/2018\/11\/roger-V4-Coupe-Dpt-2018.jpg?resize=225%2C300&amp;ssl=1 225w, https:\/\/i0.wp.com\/saint-remy-chevreuse-tt.fr\/wp-content\/uploads\/2018\/11\/roger-V4-Coupe-Dpt-2018.jpg?resize=768%2C1024&amp;ssl=1 768w, https:\/\/i0.wp.com\/saint-remy-chevreuse-tt.fr\/wp-content\/uploads\/2018\/11\/roger-V4-Coupe-Dpt-2018.jpg?resize=1%2C1&amp;ssl=1 1w, https:\/\/i0.wp.com\/saint-remy-chevreuse-tt.fr\/wp-content\/uploads\/2018\/11\/roger-V4-Coupe-Dpt-2018.jpg?w=1308 1308w, https:\/\/i0.wp.com\/saint-remy-chevreuse-tt.fr\/wp-content\/uploads\/2018\/11\/roger-V4-Coupe-Dpt-2018.jpg?w=1962 1962w\" sizes=\"(max-width: 654px) 100vw, 654px\" data-attachment-id=\"1620\" data-permalink=\"https:\/\/saint-remy-chevreuse-tt.fr\/index.php\/2018\/11\/12\/resultats-du-championnat-departemental-veterans-a-st-arnoult-en-yvelines\/roger-v4-coupe-dpt-2018\/#main\" data-orig-file=\"https:\/\/i0.wp.com\/saint-remy-chevreuse-tt.fr\/wp-content\/uploads\/2018\/11\/roger-V4-Coupe-Dpt-2018.jpg?fit=3024%2C4032&amp;ssl=1\" data-orig-size=\"3024,4032\" data-comments-opened=\"0\" data-image-meta=\"{&quot;aperture&quot;:&quot;1.8&quot;,&quot;credit&quot;:&quot;&quot;,&quot;camera&quot;:&quot;iPhone X&quot;,&quot;caption&quot;:&quot;&quot;,&quot;created_timestamp&quot;:&quot;1541943836&quot;,&quot;copyright&quot;:&quot;&quot;,&quot;focal_length&quot;:&quot;4&quot;,&quot;iso&quot;:&quot;50&quot;,&quot;shutter_speed&quot;:&quot;0.058823529411765&quot;,&quot;title&quot;:&quot;&quot;,&quot;orientation&quot;:&quot;1&quot;}\" data-image-title=\"roger V4 Coupe Dpt 2018\" data-image-description=\"\" data-image-caption=\"\" data-medium-file=\"https:\/\/i0.wp.com\/saint-remy-chevreuse-tt.fr\/wp-content\/uploads\/2018\/11\/roger-V4-Coupe-Dpt-2018.jpg?fit=225%2C300&amp;ssl=1\" data-large-file=\"https:\/\/i0.wp.com\/saint-remy-chevreuse-tt.fr\/wp-content\/uploads\/2018\/11\/roger-V4-Coupe-Dpt-2018.jpg?fit=654%2C872&amp;ssl=1\" role=\"button\" \/>\t\t\t\t\t\t\t\t<\/a>\n\t\t\t\t\t\t\t\t\t\t\t<figcaption class=\"widget-image-caption wp-caption-text\">Roger<\/figcaption>\n\t\t\t\t\t\t\t\t\t\t<\/figure>\n\t\t\t\t\t\t\t<\/div>\n\t\t\t\t<\/div>\n\t\t\t\t\t<\/div>\n\t\t<\/div>\n\t\t\t\t<div class=\"elementor-column elementor-col-25 elementor-top-column elementor-element elementor-element-bebb1d2\" data-id=\"bebb1d2\" data-element_type=\"column\">\n\t\t\t<div class=\"elementor-widget-wrap elementor-element-populated\">\n\t\t\t\t\t\t<div class=\"elementor-element elementor-element-7eacfc5 elementor-widget elementor-widget-image\" data-id=\"7eacfc5\" data-element_type=\"widget\" data-widget_type=\"image.default\">\n\t\t\t\t<div class=\"elementor-widget-container\">\n\t\t\t\t\t\t\t\t\t\t<figure class=\"wp-caption\">\n\t\t\t\t\t\t\t\t\t\t\t<a href=\"https:\/\/i0.wp.com\/saint-remy-chevreuse-tt.fr\/wp-content\/uploads\/2018\/11\/jm-V2-Coupe-Dpt-2018.jpg\" data-elementor-open-lightbox=\"yes\" data-elementor-lightbox-title=\"jm V2 Coupe Dpt 2018\" data-e-action-hash=\"#elementor-action%3Aaction%3Dlightbox%26settings%3DeyJpZCI6MTYxOSwidXJsIjoiaHR0cHM6XC9cL3NhaW50LXJlbXktY2hldnJldXNlLXR0LmZyXC93cC1jb250ZW50XC91cGxvYWRzXC8yMDE4XC8xMVwvam0tVjItQ291cGUtRHB0LTIwMTguanBnIn0%3D\">\n\t\t\t\t\t\t\t<img decoding=\"async\" data-attachment-id=\"1619\" data-permalink=\"https:\/\/saint-remy-chevreuse-tt.fr\/index.php\/2018\/11\/12\/resultats-du-championnat-departemental-veterans-a-st-arnoult-en-yvelines\/jm-v2-coupe-dpt-2018\/#main\" data-orig-file=\"https:\/\/i0.wp.com\/saint-remy-chevreuse-tt.fr\/wp-content\/uploads\/2018\/11\/jm-V2-Coupe-Dpt-2018.jpg?fit=3024%2C4032&amp;ssl=1\" data-orig-size=\"3024,4032\" data-comments-opened=\"0\" data-image-meta=\"{&quot;aperture&quot;:&quot;2.4&quot;,&quot;credit&quot;:&quot;&quot;,&quot;camera&quot;:&quot;iPhone X&quot;,&quot;caption&quot;:&quot;&quot;,&quot;created_timestamp&quot;:&quot;1541944139&quot;,&quot;copyright&quot;:&quot;&quot;,&quot;focal_length&quot;:&quot;6&quot;,&quot;iso&quot;:&quot;125&quot;,&quot;shutter_speed&quot;:&quot;0.03030303030303&quot;,&quot;title&quot;:&quot;&quot;,&quot;orientation&quot;:&quot;1&quot;}\" data-image-title=\"jm V2 Coupe Dpt 2018\" data-image-description=\"\" data-image-caption=\"\" data-medium-file=\"https:\/\/i0.wp.com\/saint-remy-chevreuse-tt.fr\/wp-content\/uploads\/2018\/11\/jm-V2-Coupe-Dpt-2018.jpg?fit=225%2C300&amp;ssl=1\" data-large-file=\"https:\/\/i0.wp.com\/saint-remy-chevreuse-tt.fr\/wp-content\/uploads\/2018\/11\/jm-V2-Coupe-Dpt-2018.jpg?fit=654%2C872&amp;ssl=1\" tabindex=\"0\" role=\"button\" width=\"654\" height=\"872\" src=\"https:\/\/i0.wp.com\/saint-remy-chevreuse-tt.fr\/wp-content\/uploads\/2018\/11\/jm-V2-Coupe-Dpt-2018.jpg?fit=654%2C872&amp;ssl=1\" class=\"attachment-large size-large wp-image-1619\" alt=\"\" srcset=\"https:\/\/i0.wp.com\/saint-remy-chevreuse-tt.fr\/wp-content\/uploads\/2018\/11\/jm-V2-Coupe-Dpt-2018.jpg?w=3024&amp;ssl=1 3024w, https:\/\/i0.wp.com\/saint-remy-chevreuse-tt.fr\/wp-content\/uploads\/2018\/11\/jm-V2-Coupe-Dpt-2018.jpg?resize=225%2C300&amp;ssl=1 225w, https:\/\/i0.wp.com\/saint-remy-chevreuse-tt.fr\/wp-content\/uploads\/2018\/11\/jm-V2-Coupe-Dpt-2018.jpg?resize=768%2C1024&amp;ssl=1 768w, https:\/\/i0.wp.com\/saint-remy-chevreuse-tt.fr\/wp-content\/uploads\/2018\/11\/jm-V2-Coupe-Dpt-2018.jpg?resize=1%2C1&amp;ssl=1 1w, https:\/\/i0.wp.com\/saint-remy-chevreuse-tt.fr\/wp-content\/uploads\/2018\/11\/jm-V2-Coupe-Dpt-2018.jpg?w=1308 1308w, https:\/\/i0.wp.com\/saint-remy-chevreuse-tt.fr\/wp-content\/uploads\/2018\/11\/jm-V2-Coupe-Dpt-2018.jpg?w=1962 1962w\" sizes=\"(max-width: 654px) 100vw, 654px\" data-attachment-id=\"1619\" data-permalink=\"https:\/\/saint-remy-chevreuse-tt.fr\/index.php\/2018\/11\/12\/resultats-du-championnat-departemental-veterans-a-st-arnoult-en-yvelines\/jm-v2-coupe-dpt-2018\/#main\" data-orig-file=\"https:\/\/i0.wp.com\/saint-remy-chevreuse-tt.fr\/wp-content\/uploads\/2018\/11\/jm-V2-Coupe-Dpt-2018.jpg?fit=3024%2C4032&amp;ssl=1\" data-orig-size=\"3024,4032\" data-comments-opened=\"0\" data-image-meta=\"{&quot;aperture&quot;:&quot;2.4&quot;,&quot;credit&quot;:&quot;&quot;,&quot;camera&quot;:&quot;iPhone X&quot;,&quot;caption&quot;:&quot;&quot;,&quot;created_timestamp&quot;:&quot;1541944139&quot;,&quot;copyright&quot;:&quot;&quot;,&quot;focal_length&quot;:&quot;6&quot;,&quot;iso&quot;:&quot;125&quot;,&quot;shutter_speed&quot;:&quot;0.03030303030303&quot;,&quot;title&quot;:&quot;&quot;,&quot;orientation&quot;:&quot;1&quot;}\" data-image-title=\"jm V2 Coupe Dpt 2018\" data-image-description=\"\" data-image-caption=\"\" data-medium-file=\"https:\/\/i0.wp.com\/saint-remy-chevreuse-tt.fr\/wp-content\/uploads\/2018\/11\/jm-V2-Coupe-Dpt-2018.jpg?fit=225%2C300&amp;ssl=1\" data-large-file=\"https:\/\/i0.wp.com\/saint-remy-chevreuse-tt.fr\/wp-content\/uploads\/2018\/11\/jm-V2-Coupe-Dpt-2018.jpg?fit=654%2C872&amp;ssl=1\" role=\"button\" \/>\t\t\t\t\t\t\t\t<\/a>\n\t\t\t\t\t\t\t\t\t\t\t<figcaption class=\"widget-image-caption wp-caption-text\">Jean-Michel<\/figcaption>\n\t\t\t\t\t\t\t\t\t\t<\/figure>\n\t\t\t\t\t\t\t<\/div>\n\t\t\t\t<\/div>\n\t\t\t\t\t<\/div>\n\t\t<\/div>\n\t\t\t\t<div class=\"elementor-column elementor-col-25 elementor-top-column elementor-element elementor-element-1e62109\" data-id=\"1e62109\" data-element_type=\"column\">\n\t\t\t<div class=\"elementor-widget-wrap elementor-element-populated\">\n\t\t\t\t\t\t<div class=\"elementor-element elementor-element-3478968 elementor-widget elementor-widget-image\" data-id=\"3478968\" data-element_type=\"widget\" data-widget_type=\"image.default\">\n\t\t\t\t<div class=\"elementor-widget-container\">\n\t\t\t\t\t\t\t\t\t\t<figure class=\"wp-caption\">\n\t\t\t\t\t\t\t\t\t\t\t<a href=\"https:\/\/i0.wp.com\/saint-remy-chevreuse-tt.fr\/wp-content\/uploads\/2018\/11\/bruno-V1-Coupe-Dpt-2018.jpg\" data-elementor-open-lightbox=\"yes\" data-elementor-lightbox-title=\"bruno V1 Coupe Dpt 2018\" data-e-action-hash=\"#elementor-action%3Aaction%3Dlightbox%26settings%3DeyJpZCI6MTYxNywidXJsIjoiaHR0cHM6XC9cL3NhaW50LXJlbXktY2hldnJldXNlLXR0LmZyXC93cC1jb250ZW50XC91cGxvYWRzXC8yMDE4XC8xMVwvYnJ1bm8tVjEtQ291cGUtRHB0LTIwMTguanBnIn0%3D\">\n\t\t\t\t\t\t\t<img decoding=\"async\" data-attachment-id=\"1617\" data-permalink=\"https:\/\/saint-remy-chevreuse-tt.fr\/index.php\/2018\/11\/12\/resultats-du-championnat-departemental-veterans-a-st-arnoult-en-yvelines\/bruno-v1-coupe-dpt-2018\/#main\" data-orig-file=\"https:\/\/i0.wp.com\/saint-remy-chevreuse-tt.fr\/wp-content\/uploads\/2018\/11\/bruno-V1-Coupe-Dpt-2018.jpg?fit=3024%2C4032&amp;ssl=1\" data-orig-size=\"3024,4032\" data-comments-opened=\"0\" data-image-meta=\"{&quot;aperture&quot;:&quot;2.4&quot;,&quot;credit&quot;:&quot;&quot;,&quot;camera&quot;:&quot;iPhone X&quot;,&quot;caption&quot;:&quot;&quot;,&quot;created_timestamp&quot;:&quot;1541944327&quot;,&quot;copyright&quot;:&quot;&quot;,&quot;focal_length&quot;:&quot;6&quot;,&quot;iso&quot;:&quot;125&quot;,&quot;shutter_speed&quot;:&quot;0.04&quot;,&quot;title&quot;:&quot;&quot;,&quot;orientation&quot;:&quot;1&quot;}\" data-image-title=\"bruno V1 Coupe Dpt 2018\" data-image-description=\"\" data-image-caption=\"\" data-medium-file=\"https:\/\/i0.wp.com\/saint-remy-chevreuse-tt.fr\/wp-content\/uploads\/2018\/11\/bruno-V1-Coupe-Dpt-2018.jpg?fit=225%2C300&amp;ssl=1\" data-large-file=\"https:\/\/i0.wp.com\/saint-remy-chevreuse-tt.fr\/wp-content\/uploads\/2018\/11\/bruno-V1-Coupe-Dpt-2018.jpg?fit=654%2C872&amp;ssl=1\" tabindex=\"0\" role=\"button\" width=\"654\" height=\"872\" src=\"https:\/\/i0.wp.com\/saint-remy-chevreuse-tt.fr\/wp-content\/uploads\/2018\/11\/bruno-V1-Coupe-Dpt-2018.jpg?fit=654%2C872&amp;ssl=1\" class=\"attachment-large size-large wp-image-1617\" alt=\"\" srcset=\"https:\/\/i0.wp.com\/saint-remy-chevreuse-tt.fr\/wp-content\/uploads\/2018\/11\/bruno-V1-Coupe-Dpt-2018.jpg?w=3024&amp;ssl=1 3024w, https:\/\/i0.wp.com\/saint-remy-chevreuse-tt.fr\/wp-content\/uploads\/2018\/11\/bruno-V1-Coupe-Dpt-2018.jpg?resize=225%2C300&amp;ssl=1 225w, https:\/\/i0.wp.com\/saint-remy-chevreuse-tt.fr\/wp-content\/uploads\/2018\/11\/bruno-V1-Coupe-Dpt-2018.jpg?resize=768%2C1024&amp;ssl=1 768w, https:\/\/i0.wp.com\/saint-remy-chevreuse-tt.fr\/wp-content\/uploads\/2018\/11\/bruno-V1-Coupe-Dpt-2018.jpg?resize=1%2C1&amp;ssl=1 1w, https:\/\/i0.wp.com\/saint-remy-chevreuse-tt.fr\/wp-content\/uploads\/2018\/11\/bruno-V1-Coupe-Dpt-2018.jpg?w=1308 1308w, https:\/\/i0.wp.com\/saint-remy-chevreuse-tt.fr\/wp-content\/uploads\/2018\/11\/bruno-V1-Coupe-Dpt-2018.jpg?w=1962 1962w\" sizes=\"(max-width: 654px) 100vw, 654px\" data-attachment-id=\"1617\" data-permalink=\"https:\/\/saint-remy-chevreuse-tt.fr\/index.php\/2018\/11\/12\/resultats-du-championnat-departemental-veterans-a-st-arnoult-en-yvelines\/bruno-v1-coupe-dpt-2018\/#main\" data-orig-file=\"https:\/\/i0.wp.com\/saint-remy-chevreuse-tt.fr\/wp-content\/uploads\/2018\/11\/bruno-V1-Coupe-Dpt-2018.jpg?fit=3024%2C4032&amp;ssl=1\" data-orig-size=\"3024,4032\" data-comments-opened=\"0\" data-image-meta=\"{&quot;aperture&quot;:&quot;2.4&quot;,&quot;credit&quot;:&quot;&quot;,&quot;camera&quot;:&quot;iPhone X&quot;,&quot;caption&quot;:&quot;&quot;,&quot;created_timestamp&quot;:&quot;1541944327&quot;,&quot;copyright&quot;:&quot;&quot;,&quot;focal_length&quot;:&quot;6&quot;,&quot;iso&quot;:&quot;125&quot;,&quot;shutter_speed&quot;:&quot;0.04&quot;,&quot;title&quot;:&quot;&quot;,&quot;orientation&quot;:&quot;1&quot;}\" data-image-title=\"bruno V1 Coupe Dpt 2018\" data-image-description=\"\" data-image-caption=\"\" data-medium-file=\"https:\/\/i0.wp.com\/saint-remy-chevreuse-tt.fr\/wp-content\/uploads\/2018\/11\/bruno-V1-Coupe-Dpt-2018.jpg?fit=225%2C300&amp;ssl=1\" data-large-file=\"https:\/\/i0.wp.com\/saint-remy-chevreuse-tt.fr\/wp-content\/uploads\/2018\/11\/bruno-V1-Coupe-Dpt-2018.jpg?fit=654%2C872&amp;ssl=1\" role=\"button\" \/>\t\t\t\t\t\t\t\t<\/a>\n\t\t\t\t\t\t\t\t\t\t\t<figcaption class=\"widget-image-caption wp-caption-text\">Bruno<\/figcaption>\n\t\t\t\t\t\t\t\t\t\t<\/figure>\n\t\t\t\t\t\t\t<\/div>\n\t\t\t\t<\/div>\n\t\t\t\t\t<\/div>\n\t\t<\/div>\n\t\t\t\t<div class=\"elementor-column elementor-col-25 elementor-top-column elementor-element elementor-element-77a56c2\" data-id=\"77a56c2\" data-element_type=\"column\">\n\t\t\t<div class=\"elementor-widget-wrap elementor-element-populated\">\n\t\t\t\t\t\t<div class=\"elementor-element elementor-element-cbb6932 elementor-widget elementor-widget-image\" data-id=\"cbb6932\" data-element_type=\"widget\" data-widget_type=\"image.default\">\n\t\t\t\t<div class=\"elementor-widget-container\">\n\t\t\t\t\t\t\t\t\t\t<figure class=\"wp-caption\">\n\t\t\t\t\t\t\t\t\t\t\t<a href=\"https:\/\/i0.wp.com\/saint-remy-chevreuse-tt.fr\/wp-content\/uploads\/2018\/11\/Groupe-V\u00e9t\u00e9ran-Saint-Remy-TT-2018-Chmp-Dept.jpg\" data-elementor-open-lightbox=\"yes\" data-elementor-lightbox-title=\"Groupe V\u00e9t\u00e9ran Saint Remy TT 2018 Chmp Dept\" data-e-action-hash=\"#elementor-action%3Aaction%3Dlightbox%26settings%3DeyJpZCI6MTYxOCwidXJsIjoiaHR0cHM6XC9cL3NhaW50LXJlbXktY2hldnJldXNlLXR0LmZyXC93cC1jb250ZW50XC91cGxvYWRzXC8yMDE4XC8xMVwvR3JvdXBlLVZcdTAwZTl0XHUwMGU5cmFuLVNhaW50LVJlbXktVFQtMjAxOC1DaG1wLURlcHQuanBnIn0%3D\">\n\t\t\t\t\t\t\t<img loading=\"lazy\" decoding=\"async\" data-attachment-id=\"1618\" data-permalink=\"https:\/\/saint-remy-chevreuse-tt.fr\/index.php\/2018\/11\/12\/resultats-du-championnat-departemental-veterans-a-st-arnoult-en-yvelines\/groupe-veteran-saint-remy-tt-2018-chmp-dept\/#main\" data-orig-file=\"https:\/\/i0.wp.com\/saint-remy-chevreuse-tt.fr\/wp-content\/uploads\/2018\/11\/Groupe-V\u00e9t\u00e9ran-Saint-Remy-TT-2018-Chmp-Dept.jpg?fit=4032%2C3024&amp;ssl=1\" data-orig-size=\"4032,3024\" data-comments-opened=\"0\" data-image-meta=\"{&quot;aperture&quot;:&quot;1.8&quot;,&quot;credit&quot;:&quot;&quot;,&quot;camera&quot;:&quot;iPhone X&quot;,&quot;caption&quot;:&quot;&quot;,&quot;created_timestamp&quot;:&quot;1541944412&quot;,&quot;copyright&quot;:&quot;&quot;,&quot;focal_length&quot;:&quot;4&quot;,&quot;iso&quot;:&quot;50&quot;,&quot;shutter_speed&quot;:&quot;0.058823529411765&quot;,&quot;title&quot;:&quot;&quot;,&quot;orientation&quot;:&quot;1&quot;}\" data-image-title=\"Groupe V\u00e9t\u00e9ran Saint Remy TT 2018 Chmp Dept\" data-image-description=\"\" data-image-caption=\"\" data-medium-file=\"https:\/\/i0.wp.com\/saint-remy-chevreuse-tt.fr\/wp-content\/uploads\/2018\/11\/Groupe-V\u00e9t\u00e9ran-Saint-Remy-TT-2018-Chmp-Dept.jpg?fit=300%2C225&amp;ssl=1\" data-large-file=\"https:\/\/i0.wp.com\/saint-remy-chevreuse-tt.fr\/wp-content\/uploads\/2018\/11\/Groupe-V\u00e9t\u00e9ran-Saint-Remy-TT-2018-Chmp-Dept.jpg?fit=654%2C491&amp;ssl=1\" tabindex=\"0\" role=\"button\" width=\"654\" height=\"491\" src=\"https:\/\/i0.wp.com\/saint-remy-chevreuse-tt.fr\/wp-content\/uploads\/2018\/11\/Groupe-V\u00e9t\u00e9ran-Saint-Remy-TT-2018-Chmp-Dept.jpg?fit=654%2C491&amp;ssl=1\" class=\"attachment-large size-large wp-image-1618\" alt=\"\" srcset=\"https:\/\/i0.wp.com\/saint-remy-chevreuse-tt.fr\/wp-content\/uploads\/2018\/11\/Groupe-V\u00e9t\u00e9ran-Saint-Remy-TT-2018-Chmp-Dept.jpg?w=4032&amp;ssl=1 4032w, https:\/\/i0.wp.com\/saint-remy-chevreuse-tt.fr\/wp-content\/uploads\/2018\/11\/Groupe-V\u00e9t\u00e9ran-Saint-Remy-TT-2018-Chmp-Dept.jpg?resize=300%2C225&amp;ssl=1 300w, https:\/\/i0.wp.com\/saint-remy-chevreuse-tt.fr\/wp-content\/uploads\/2018\/11\/Groupe-V\u00e9t\u00e9ran-Saint-Remy-TT-2018-Chmp-Dept.jpg?resize=768%2C576&amp;ssl=1 768w, https:\/\/i0.wp.com\/saint-remy-chevreuse-tt.fr\/wp-content\/uploads\/2018\/11\/Groupe-V\u00e9t\u00e9ran-Saint-Remy-TT-2018-Chmp-Dept.jpg?resize=1024%2C768&amp;ssl=1 1024w, https:\/\/i0.wp.com\/saint-remy-chevreuse-tt.fr\/wp-content\/uploads\/2018\/11\/Groupe-V\u00e9t\u00e9ran-Saint-Remy-TT-2018-Chmp-Dept.jpg?resize=1%2C1&amp;ssl=1 1w, https:\/\/i0.wp.com\/saint-remy-chevreuse-tt.fr\/wp-content\/uploads\/2018\/11\/Groupe-V\u00e9t\u00e9ran-Saint-Remy-TT-2018-Chmp-Dept.jpg?w=1308 1308w, https:\/\/i0.wp.com\/saint-remy-chevreuse-tt.fr\/wp-content\/uploads\/2018\/11\/Groupe-V\u00e9t\u00e9ran-Saint-Remy-TT-2018-Chmp-Dept.jpg?w=1962 1962w\" sizes=\"(max-width: 654px) 100vw, 654px\" data-attachment-id=\"1618\" data-permalink=\"https:\/\/saint-remy-chevreuse-tt.fr\/index.php\/2018\/11\/12\/resultats-du-championnat-departemental-veterans-a-st-arnoult-en-yvelines\/groupe-veteran-saint-remy-tt-2018-chmp-dept\/#main\" data-orig-file=\"https:\/\/i0.wp.com\/saint-remy-chevreuse-tt.fr\/wp-content\/uploads\/2018\/11\/Groupe-V\u00e9t\u00e9ran-Saint-Remy-TT-2018-Chmp-Dept.jpg?fit=4032%2C3024&amp;ssl=1\" data-orig-size=\"4032,3024\" data-comments-opened=\"0\" data-image-meta=\"{&quot;aperture&quot;:&quot;1.8&quot;,&quot;credit&quot;:&quot;&quot;,&quot;camera&quot;:&quot;iPhone X&quot;,&quot;caption&quot;:&quot;&quot;,&quot;created_timestamp&quot;:&quot;1541944412&quot;,&quot;copyright&quot;:&quot;&quot;,&quot;focal_length&quot;:&quot;4&quot;,&quot;iso&quot;:&quot;50&quot;,&quot;shutter_speed&quot;:&quot;0.058823529411765&quot;,&quot;title&quot;:&quot;&quot;,&quot;orientation&quot;:&quot;1&quot;}\" data-image-title=\"Groupe V\u00e9t\u00e9ran Saint Remy TT 2018 Chmp Dept\" data-image-description=\"\" data-image-caption=\"\" data-medium-file=\"https:\/\/i0.wp.com\/saint-remy-chevreuse-tt.fr\/wp-content\/uploads\/2018\/11\/Groupe-V\u00e9t\u00e9ran-Saint-Remy-TT-2018-Chmp-Dept.jpg?fit=300%2C225&amp;ssl=1\" data-large-file=\"https:\/\/i0.wp.com\/saint-remy-chevreuse-tt.fr\/wp-content\/uploads\/2018\/11\/Groupe-V\u00e9t\u00e9ran-Saint-Remy-TT-2018-Chmp-Dept.jpg?fit=654%2C491&amp;ssl=1\" role=\"button\" \/>\t\t\t\t\t\t\t\t<\/a>\n\t\t\t\t\t\t\t\t\t\t\t<figcaption class=\"widget-image-caption wp-caption-text\">Les trois vainqueurs, Bruno, Jean-Mi et Roger<\/figcaption>\n\t\t\t\t\t\t\t\t\t\t<\/figure>\n\t\t\t\t\t\t\t<\/div>\n\t\t\t\t<\/div>\n\t\t\t\t\t<\/div>\n\t\t<\/div>\n\t\t\t\t\t<\/div>\n\t\t<\/section>\n\t\t\t\t<\/div>\n\t\t","protected":false},"excerpt":{"rendered":"<p>Quel beau bilan pour nos v\u00e9t\u00e9rans de Saint-R\u00e9my TT lors du championnat d\u00e9partemental v\u00e9t\u00e9rans \u00e0 St-Arnoult-en-Yvelines ce dimanche 11 novembre. Trois superbes premi\u00e8res places sur le podium des V4, V2 et V1. Roger\u00a0: 1ER en V4Jean-Michel : 1ER en V2Bruno Querien : 1ER en V1 Un grand bravo \u00e0 eux, et n&rsquo;oubliez pas de les [&hellip;]<\/p>\n","protected":false},"author":1,"featured_media":0,"comment_status":"closed","ping_status":"closed","sticky":false,"template":"","format":"standard","meta":{"_jetpack_memberships_contains_paid_content":false,"footnotes":"","jetpack_publicize_message":"","jetpack_publicize_feature_enabled":true,"jetpack_social_post_already_shared":true,"jetpack_social_options":{"image_generator_settings":{"template":"highway","enabled":false},"version":2}},"categories":[37],"tags":[],"class_list":["post-1616","post","type-post","status-publish","format-standard","hentry","category-article"],"jetpack_publicize_connections":[],"aioseo_notices":[],"jetpack_featured_media_url":"","jetpack_sharing_enabled":true,"jetpack_shortlink":"https:\/\/wp.me\/p9Eq5I-q4","jetpack_likes_enabled":false,"jetpack-related-posts":[],"post_mailing_queue_ids":[],"_links":{"self":[{"href":"https:\/\/saint-remy-chevreuse-tt.fr\/index.php\/wp-json\/wp\/v2\/posts\/1616"}],"collection":[{"href":"https:\/\/saint-remy-chevreuse-tt.fr\/index.php\/wp-json\/wp\/v2\/posts"}],"about":[{"href":"https:\/\/saint-remy-chevreuse-tt.fr\/index.php\/wp-json\/wp\/v2\/types\/post"}],"author":[{"embeddable":true,"href":"https:\/\/saint-remy-chevreuse-tt.fr\/index.php\/wp-json\/wp\/v2\/users\/1"}],"replies":[{"embeddable":true,"href":"https:\/\/saint-remy-chevreuse-tt.fr\/index.php\/wp-json\/wp\/v2\/comments?post=1616"}],"version-history":[{"count":5,"href":"https:\/\/saint-remy-chevreuse-tt.fr\/index.php\/wp-json\/wp\/v2\/posts\/1616\/revisions"}],"predecessor-version":[{"id":1625,"href":"https:\/\/saint-remy-chevreuse-tt.fr\/index.php\/wp-json\/wp\/v2\/posts\/1616\/revisions\/1625"}],"wp:attachment":[{"href":"https:\/\/saint-remy-chevreuse-tt.fr\/index.php\/wp-json\/wp\/v2\/media?parent=1616"}],"wp:term":[{"taxonomy":"category","embeddable":true,"href":"https:\/\/saint-remy-chevreuse-tt.fr\/index.php\/wp-json\/wp\/v2\/categories?post=1616"},{"taxonomy":"post_tag","embeddable":true,"href":"https:\/\/saint-remy-chevreuse-tt.fr\/index.php\/wp-json\/wp\/v2\/tags?post=1616"}],"curies":[{"name":"wp","href":"https:\/\/api.w.org\/{rel}","templated":true}]}}