{"id":2340,"date":"2020-03-18T12:47:55","date_gmt":"2020-03-18T11:47:55","guid":{"rendered":"http:\/\/saint-remy-chevreuse-tt.fr\/?p=2340"},"modified":"2020-03-18T12:47:55","modified_gmt":"2020-03-18T11:47:55","slug":"message-du-president-de-la-fftt-informations-coronavirus","status":"publish","type":"post","link":"https:\/\/saint-remy-chevreuse-tt.fr\/index.php\/2020\/03\/18\/message-du-president-de-la-fftt-informations-coronavirus\/","title":{"rendered":"Message du pr\u00e9sident de la FFTT &#8211; Informations Coronavirus"},"content":{"rendered":"<div class=\"plugin-view-large-picture\"><img data-recalc-dims=\"1\" fetchpriority=\"high\" decoding=\"async\" data-attachment-id=\"2342\" data-permalink=\"https:\/\/saint-remy-chevreuse-tt.fr\/index.php\/2020\/03\/18\/message-du-president-de-la-fftt-informations-coronavirus\/unnamed\/#main\" data-orig-file=\"https:\/\/i0.wp.com\/saint-remy-chevreuse-tt.fr\/wp-content\/uploads\/2020\/03\/unnamed.jpg?fit=1005%2C415&amp;ssl=1\" data-orig-size=\"1005,415\" data-comments-opened=\"0\" data-image-meta=\"{&quot;aperture&quot;:&quot;0&quot;,&quot;credit&quot;:&quot;&quot;,&quot;camera&quot;:&quot;&quot;,&quot;caption&quot;:&quot;&quot;,&quot;created_timestamp&quot;:&quot;0&quot;,&quot;copyright&quot;:&quot;&quot;,&quot;focal_length&quot;:&quot;0&quot;,&quot;iso&quot;:&quot;0&quot;,&quot;shutter_speed&quot;:&quot;0&quot;,&quot;title&quot;:&quot;&quot;,&quot;orientation&quot;:&quot;0&quot;}\" data-image-title=\"unnamed\" data-image-description=\"\" data-image-caption=\"\" data-medium-file=\"https:\/\/i0.wp.com\/saint-remy-chevreuse-tt.fr\/wp-content\/uploads\/2020\/03\/unnamed.jpg?fit=300%2C124&amp;ssl=1\" data-large-file=\"https:\/\/i0.wp.com\/saint-remy-chevreuse-tt.fr\/wp-content\/uploads\/2020\/03\/unnamed.jpg?fit=654%2C270&amp;ssl=1\" tabindex=\"0\" role=\"button\" class=\"aligncenter size-full wp-image-2342\" src=\"https:\/\/i0.wp.com\/saint-remy-chevreuse-tt.fr\/wp-content\/uploads\/2020\/03\/unnamed.jpg?resize=654%2C270\" alt=\"\" width=\"654\" height=\"270\" srcset=\"https:\/\/i0.wp.com\/saint-remy-chevreuse-tt.fr\/wp-content\/uploads\/2020\/03\/unnamed.jpg?w=1005&amp;ssl=1 1005w, https:\/\/i0.wp.com\/saint-remy-chevreuse-tt.fr\/wp-content\/uploads\/2020\/03\/unnamed.jpg?resize=300%2C124&amp;ssl=1 300w, https:\/\/i0.wp.com\/saint-remy-chevreuse-tt.fr\/wp-content\/uploads\/2020\/03\/unnamed.jpg?resize=768%2C317&amp;ssl=1 768w, https:\/\/i0.wp.com\/saint-remy-chevreuse-tt.fr\/wp-content\/uploads\/2020\/03\/unnamed.jpg?resize=2%2C1&amp;ssl=1 2w\" sizes=\"(max-width: 654px) 100vw, 654px\" \/><\/div>\n<h3>INFORMATIONS &#8211; CORONAVIRUS<\/h3>\n<div class=\"description news-description\">\n<p><strong>La FFTT responsable<\/strong><\/p>\n<p>La nouvelle intervention du Pr\u00e9sident de la R\u00e9publique confirme la gravit\u00e9 de l\u2019\u00e9pid\u00e9mie du COVID 19. Des nouvelles mesures ont \u00e9t\u00e9 d\u00e9cr\u00e9t\u00e9es, applicables d\u00e8s \u00e0 pr\u00e9sent, que je vous demande de suivre scrupuleusement.<\/p>\n<p>Afin de participer \u00e0 l\u2019effort sanitaire national, en tant que Pr\u00e9sident de la FFTT, je tiens \u00e0 ce que tous les clubs, dirigeants et licenci\u00e9s suspendent toutes activit\u00e9s pongistes (entra\u00eenements, comp\u00e9titions, regroupements\u2026).<\/p>\n<p>Par cons\u00e9quent, toutes les comp\u00e9titions sur le territoire national, y compris sur les territoires ultra-marins, qu\u2019elles soient individuelles ou par \u00e9quipes sont suspendues jusqu\u2019\u00e0 nouvel ordre.<\/p>\n<p>D\u2019ores et d\u00e9j\u00e0, j\u2019ai demand\u00e9 \u00e0 la commission sportive f\u00e9d\u00e9rale de travailler en priorit\u00e9 sur les modalit\u00e9s de reprise des championnats par \u00e9quipes, d\u00e8s que la situation sanitaire le permettra.<\/p>\n<p><strong>Christian Palierne<\/strong><br \/>\n<em>Pr\u00e9sident de la F\u00e9d\u00e9ration fran\u00e7aise de tennis de table<\/em><\/p>\n<\/div>\n","protected":false},"excerpt":{"rendered":"<p>INFORMATIONS &#8211; CORONAVIRUS La FFTT responsable La nouvelle intervention du Pr\u00e9sident de la R\u00e9publique confirme la gravit\u00e9 de l\u2019\u00e9pid\u00e9mie du COVID 19. Des nouvelles mesures ont \u00e9t\u00e9 d\u00e9cr\u00e9t\u00e9es, applicables d\u00e8s \u00e0 pr\u00e9sent, que je vous demande de suivre scrupuleusement. Afin de participer \u00e0 l\u2019effort sanitaire national, en tant que Pr\u00e9sident de la FFTT, je tiens [&hellip;]<\/p>\n","protected":false},"author":1,"featured_media":0,"comment_status":"closed","ping_status":"closed","sticky":false,"template":"","format":"standard","meta":{"_jetpack_memberships_contains_paid_content":false,"footnotes":"","jetpack_publicize_message":"","jetpack_publicize_feature_enabled":true,"jetpack_social_post_already_shared":true,"jetpack_social_options":{"image_generator_settings":{"template":"highway","enabled":false},"version":2}},"categories":[37],"tags":[],"class_list":["post-2340","post","type-post","status-publish","format-standard","hentry","category-article"],"jetpack_publicize_connections":[],"aioseo_notices":[],"jetpack_featured_media_url":"","jetpack_sharing_enabled":true,"jetpack_shortlink":"https:\/\/wp.me\/p9Eq5I-BK","jetpack_likes_enabled":false,"jetpack-related-posts":[],"post_mailing_queue_ids":[],"_links":{"self":[{"href":"https:\/\/saint-remy-chevreuse-tt.fr\/index.php\/wp-json\/wp\/v2\/posts\/2340"}],"collection":[{"href":"https:\/\/saint-remy-chevreuse-tt.fr\/index.php\/wp-json\/wp\/v2\/posts"}],"about":[{"href":"https:\/\/saint-remy-chevreuse-tt.fr\/index.php\/wp-json\/wp\/v2\/types\/post"}],"author":[{"embeddable":true,"href":"https:\/\/saint-remy-chevreuse-tt.fr\/index.php\/wp-json\/wp\/v2\/users\/1"}],"replies":[{"embeddable":true,"href":"https:\/\/saint-remy-chevreuse-tt.fr\/index.php\/wp-json\/wp\/v2\/comments?post=2340"}],"version-history":[{"count":4,"href":"https:\/\/saint-remy-chevreuse-tt.fr\/index.php\/wp-json\/wp\/v2\/posts\/2340\/revisions"}],"predecessor-version":[{"id":2345,"href":"https:\/\/saint-remy-chevreuse-tt.fr\/index.php\/wp-json\/wp\/v2\/posts\/2340\/revisions\/2345"}],"wp:attachment":[{"href":"https:\/\/saint-remy-chevreuse-tt.fr\/index.php\/wp-json\/wp\/v2\/media?parent=2340"}],"wp:term":[{"taxonomy":"category","embeddable":true,"href":"https:\/\/saint-remy-chevreuse-tt.fr\/index.php\/wp-json\/wp\/v2\/categories?post=2340"},{"taxonomy":"post_tag","embeddable":true,"href":"https:\/\/saint-remy-chevreuse-tt.fr\/index.php\/wp-json\/wp\/v2\/tags?post=2340"}],"curies":[{"name":"wp","href":"https:\/\/api.w.org\/{rel}","templated":true}]}}