{"id":2712,"date":"2021-11-17T14:29:23","date_gmt":"2021-11-17T13:29:23","guid":{"rendered":"http:\/\/saint-remy-chevreuse-tt.fr\/?p=2712"},"modified":"2021-11-17T23:43:14","modified_gmt":"2021-11-17T22:43:14","slug":"championnats-departementaux-veterans","status":"publish","type":"post","link":"https:\/\/saint-remy-chevreuse-tt.fr\/index.php\/2021\/11\/17\/championnats-departementaux-veterans\/","title":{"rendered":"Championnats D\u00e9partementaux V\u00e9t\u00e9rans"},"content":{"rendered":"\t\t<div data-elementor-type=\"wp-post\" data-elementor-id=\"2712\" class=\"elementor elementor-2712\">\n\t\t\t\t\t\t<section class=\"elementor-section elementor-top-section elementor-element elementor-element-820f0f1 elementor-section-boxed elementor-section-height-default elementor-section-height-default\" data-id=\"820f0f1\" data-element_type=\"section\">\n\t\t\t\t\t\t<div class=\"elementor-container elementor-column-gap-default\">\n\t\t\t\t\t<div class=\"elementor-column elementor-col-100 elementor-top-column elementor-element elementor-element-3d34f0e\" data-id=\"3d34f0e\" data-element_type=\"column\">\n\t\t\t<div class=\"elementor-widget-wrap elementor-element-populated\">\n\t\t\t\t\t\t<div class=\"elementor-element elementor-element-c138332 elementor-widget elementor-widget-text-editor\" data-id=\"c138332\" data-element_type=\"widget\" data-widget_type=\"text-editor.default\">\n\t\t\t\t<div class=\"elementor-widget-container\">\n\t\t\t\t\t\t\t<p>La semaine derni\u00e8re se sont d\u00e9roul\u00e9s les <strong>Championnats D\u00e9partementaux V\u00e9t\u00e9rans<\/strong> auxquels participaient 5 de nos comp\u00e9titeurs.<\/p><p><span style=\"color: #0000ff;\">Fran\u00e7oise, Kagna, Roger, Bernard et Didier<\/span> dans leurs cat\u00e9gories respectives et malgr\u00e9 une heure matinale pour certains, \u00e9taient tous tr\u00e8s motiv\u00e9s et d\u00e9sireux de monter sur le podium. Une place sur le podium permettant une qualification pour les Championnats R\u00e9gionaux en f\u00e9vrier (qui permettront ensuite aux meilleur(e)s de se qualifier pour les championnats de France au mois de mai).<\/p><p>Cette journ\u00e9e de comp\u00e9tition a permis \u00e0 nos comp\u00e9titeurs de se distinguer en remportant la coupe pour <span style=\"color: #0000ff;\">Fran\u00e7oise<\/span> (V2) et <span style=\"color: #0000ff;\">Didier<\/span> (V2), une superbe deuxi\u00e8me place sur le podium pour <span style=\"color: #0000ff;\">Roger<\/span> (V4) et <span style=\"color: #0000ff;\">Bernard<\/span> (V3) et ainsi qu\u2019une belle troisi\u00e8me place pour <span style=\"color: #0000ff;\">Kagna<\/span> (V1).<\/p><p><strong>C\u2019est 100% de r\u00e9ussite<\/strong> pour nos champion(ne)s, toutes nos f\u00e9licitations et nous leur souhaitons la m\u00eame belle r\u00e9ussite pour la prochaine \u00e9tape lors de Championnats R\u00e9gionaux.<\/p>\t\t\t\t\t\t<\/div>\n\t\t\t\t<\/div>\n\t\t\t\t\t<\/div>\n\t\t<\/div>\n\t\t\t\t\t<\/div>\n\t\t<\/section>\n\t\t\t\t<section class=\"elementor-section elementor-top-section elementor-element elementor-element-4ad32a3 elementor-section-boxed elementor-section-height-default elementor-section-height-default\" data-id=\"4ad32a3\" data-element_type=\"section\">\n\t\t\t\t\t\t<div class=\"elementor-container elementor-column-gap-default\">\n\t\t\t\t\t<div class=\"elementor-column elementor-col-33 elementor-top-column elementor-element elementor-element-232e812\" data-id=\"232e812\" data-element_type=\"column\">\n\t\t\t<div class=\"elementor-widget-wrap elementor-element-populated\">\n\t\t\t\t\t\t<div class=\"elementor-element elementor-element-a8c5383 elementor-widget elementor-widget-image\" data-id=\"a8c5383\" data-element_type=\"widget\" data-widget_type=\"image.default\">\n\t\t\t\t<div class=\"elementor-widget-container\">\n\t\t\t\t\t\t\t\t\t\t<figure class=\"wp-caption\">\n\t\t\t\t\t\t\t\t\t\t\t<a href=\"https:\/\/i0.wp.com\/saint-remy-chevreuse-tt.fr\/wp-content\/uploads\/2021\/11\/IMG-20211111-WA0005.jpg\" data-elementor-open-lightbox=\"yes\" data-elementor-lightbox-title=\"IMG-20211111-WA0005\" data-e-action-hash=\"#elementor-action%3Aaction%3Dlightbox%26settings%3DeyJpZCI6MjcxOCwidXJsIjoiaHR0cHM6XC9cL3NhaW50LXJlbXktY2hldnJldXNlLXR0LmZyXC93cC1jb250ZW50XC91cGxvYWRzXC8yMDIxXC8xMVwvSU1HLTIwMjExMTExLVdBMDAwNS5qcGcifQ%3D%3D\">\n\t\t\t\t\t\t\t<img fetchpriority=\"high\" decoding=\"async\" data-attachment-id=\"2718\" data-permalink=\"https:\/\/saint-remy-chevreuse-tt.fr\/index.php\/2021\/11\/17\/championnats-departementaux-veterans\/img-20211111-wa0005\/#main\" data-orig-file=\"https:\/\/i0.wp.com\/saint-remy-chevreuse-tt.fr\/wp-content\/uploads\/2021\/11\/IMG-20211111-WA0005.jpg?fit=2048%2C1536&amp;ssl=1\" data-orig-size=\"2048,1536\" data-comments-opened=\"0\" data-image-meta=\"{&quot;aperture&quot;:&quot;0&quot;,&quot;credit&quot;:&quot;&quot;,&quot;camera&quot;:&quot;&quot;,&quot;caption&quot;:&quot;&quot;,&quot;created_timestamp&quot;:&quot;0&quot;,&quot;copyright&quot;:&quot;&quot;,&quot;focal_length&quot;:&quot;0&quot;,&quot;iso&quot;:&quot;0&quot;,&quot;shutter_speed&quot;:&quot;0&quot;,&quot;title&quot;:&quot;&quot;,&quot;orientation&quot;:&quot;0&quot;}\" data-image-title=\"IMG-20211111-WA0005\" data-image-description=\"\" data-image-caption=\"\" data-medium-file=\"https:\/\/i0.wp.com\/saint-remy-chevreuse-tt.fr\/wp-content\/uploads\/2021\/11\/IMG-20211111-WA0005.jpg?fit=300%2C225&amp;ssl=1\" data-large-file=\"https:\/\/i0.wp.com\/saint-remy-chevreuse-tt.fr\/wp-content\/uploads\/2021\/11\/IMG-20211111-WA0005.jpg?fit=654%2C491&amp;ssl=1\" tabindex=\"0\" role=\"button\" width=\"654\" height=\"491\" src=\"https:\/\/i0.wp.com\/saint-remy-chevreuse-tt.fr\/wp-content\/uploads\/2021\/11\/IMG-20211111-WA0005.jpg?fit=654%2C491&amp;ssl=1\" class=\"attachment-large size-large wp-image-2718\" alt=\"\" srcset=\"https:\/\/i0.wp.com\/saint-remy-chevreuse-tt.fr\/wp-content\/uploads\/2021\/11\/IMG-20211111-WA0005.jpg?w=2048&amp;ssl=1 2048w, https:\/\/i0.wp.com\/saint-remy-chevreuse-tt.fr\/wp-content\/uploads\/2021\/11\/IMG-20211111-WA0005.jpg?resize=300%2C225&amp;ssl=1 300w, https:\/\/i0.wp.com\/saint-remy-chevreuse-tt.fr\/wp-content\/uploads\/2021\/11\/IMG-20211111-WA0005.jpg?resize=1024%2C768&amp;ssl=1 1024w, https:\/\/i0.wp.com\/saint-remy-chevreuse-tt.fr\/wp-content\/uploads\/2021\/11\/IMG-20211111-WA0005.jpg?resize=768%2C576&amp;ssl=1 768w, https:\/\/i0.wp.com\/saint-remy-chevreuse-tt.fr\/wp-content\/uploads\/2021\/11\/IMG-20211111-WA0005.jpg?resize=1536%2C1152&amp;ssl=1 1536w, https:\/\/i0.wp.com\/saint-remy-chevreuse-tt.fr\/wp-content\/uploads\/2021\/11\/IMG-20211111-WA0005.jpg?resize=1%2C1&amp;ssl=1 1w, https:\/\/i0.wp.com\/saint-remy-chevreuse-tt.fr\/wp-content\/uploads\/2021\/11\/IMG-20211111-WA0005.jpg?w=1308 1308w, https:\/\/i0.wp.com\/saint-remy-chevreuse-tt.fr\/wp-content\/uploads\/2021\/11\/IMG-20211111-WA0005.jpg?w=1962 1962w\" sizes=\"(max-width: 654px) 100vw, 654px\" data-attachment-id=\"2718\" data-permalink=\"https:\/\/saint-remy-chevreuse-tt.fr\/index.php\/2021\/11\/17\/championnats-departementaux-veterans\/img-20211111-wa0005\/#main\" data-orig-file=\"https:\/\/i0.wp.com\/saint-remy-chevreuse-tt.fr\/wp-content\/uploads\/2021\/11\/IMG-20211111-WA0005.jpg?fit=2048%2C1536&amp;ssl=1\" data-orig-size=\"2048,1536\" data-comments-opened=\"0\" data-image-meta=\"{&quot;aperture&quot;:&quot;0&quot;,&quot;credit&quot;:&quot;&quot;,&quot;camera&quot;:&quot;&quot;,&quot;caption&quot;:&quot;&quot;,&quot;created_timestamp&quot;:&quot;0&quot;,&quot;copyright&quot;:&quot;&quot;,&quot;focal_length&quot;:&quot;0&quot;,&quot;iso&quot;:&quot;0&quot;,&quot;shutter_speed&quot;:&quot;0&quot;,&quot;title&quot;:&quot;&quot;,&quot;orientation&quot;:&quot;0&quot;}\" data-image-title=\"IMG-20211111-WA0005\" data-image-description=\"\" data-image-caption=\"\" data-medium-file=\"https:\/\/i0.wp.com\/saint-remy-chevreuse-tt.fr\/wp-content\/uploads\/2021\/11\/IMG-20211111-WA0005.jpg?fit=300%2C225&amp;ssl=1\" data-large-file=\"https:\/\/i0.wp.com\/saint-remy-chevreuse-tt.fr\/wp-content\/uploads\/2021\/11\/IMG-20211111-WA0005.jpg?fit=654%2C491&amp;ssl=1\" role=\"button\" \/>\t\t\t\t\t\t\t\t<\/a>\n\t\t\t\t\t\t\t\t\t\t\t<figcaption class=\"widget-image-caption wp-caption-text\">La coupe pour Fran\u00e7oise<\/figcaption>\n\t\t\t\t\t\t\t\t\t\t<\/figure>\n\t\t\t\t\t\t\t<\/div>\n\t\t\t\t<\/div>\n\t\t\t\t\t<\/div>\n\t\t<\/div>\n\t\t\t\t<div class=\"elementor-column elementor-col-33 elementor-top-column elementor-element elementor-element-03bfbff\" data-id=\"03bfbff\" data-element_type=\"column\">\n\t\t\t<div class=\"elementor-widget-wrap elementor-element-populated\">\n\t\t\t\t\t\t<div class=\"elementor-element elementor-element-b94ef02 elementor-widget elementor-widget-image\" data-id=\"b94ef02\" data-element_type=\"widget\" data-widget_type=\"image.default\">\n\t\t\t\t<div class=\"elementor-widget-container\">\n\t\t\t\t\t\t\t\t\t\t<figure class=\"wp-caption\">\n\t\t\t\t\t\t\t\t\t\t\t<a href=\"https:\/\/i0.wp.com\/saint-remy-chevreuse-tt.fr\/wp-content\/uploads\/2021\/11\/IMG_7742-rotated.jpg\" data-elementor-open-lightbox=\"yes\" data-elementor-lightbox-title=\"IMG_7742\" data-e-action-hash=\"#elementor-action%3Aaction%3Dlightbox%26settings%3DeyJpZCI6MjcxMywidXJsIjoiaHR0cHM6XC9cL3NhaW50LXJlbXktY2hldnJldXNlLXR0LmZyXC93cC1jb250ZW50XC91cGxvYWRzXC8yMDIxXC8xMVwvSU1HXzc3NDItcm90YXRlZC5qcGcifQ%3D%3D\">\n\t\t\t\t\t\t\t<img decoding=\"async\" data-attachment-id=\"2713\" data-permalink=\"https:\/\/saint-remy-chevreuse-tt.fr\/index.php\/2021\/11\/17\/championnats-departementaux-veterans\/img_7742\/#main\" data-orig-file=\"https:\/\/i0.wp.com\/saint-remy-chevreuse-tt.fr\/wp-content\/uploads\/2021\/11\/IMG_7742-rotated.jpg?fit=1512%2C2016&amp;ssl=1\" data-orig-size=\"1512,2016\" data-comments-opened=\"0\" data-image-meta=\"{&quot;aperture&quot;:&quot;1.8&quot;,&quot;credit&quot;:&quot;&quot;,&quot;camera&quot;:&quot;iPhone XR&quot;,&quot;caption&quot;:&quot;&quot;,&quot;created_timestamp&quot;:&quot;1636638837&quot;,&quot;copyright&quot;:&quot;&quot;,&quot;focal_length&quot;:&quot;4.25&quot;,&quot;iso&quot;:&quot;200&quot;,&quot;shutter_speed&quot;:&quot;0.02&quot;,&quot;title&quot;:&quot;&quot;,&quot;orientation&quot;:&quot;1&quot;}\" data-image-title=\"IMG_7742\" data-image-description=\"\" data-image-caption=\"\" data-medium-file=\"https:\/\/i0.wp.com\/saint-remy-chevreuse-tt.fr\/wp-content\/uploads\/2021\/11\/IMG_7742-rotated.jpg?fit=225%2C300&amp;ssl=1\" data-large-file=\"https:\/\/i0.wp.com\/saint-remy-chevreuse-tt.fr\/wp-content\/uploads\/2021\/11\/IMG_7742-rotated.jpg?fit=654%2C872&amp;ssl=1\" tabindex=\"0\" role=\"button\" width=\"654\" height=\"872\" src=\"https:\/\/i0.wp.com\/saint-remy-chevreuse-tt.fr\/wp-content\/uploads\/2021\/11\/IMG_7742-rotated.jpg?fit=654%2C872&amp;ssl=1\" class=\"attachment-large size-large wp-image-2713\" alt=\"\" srcset=\"https:\/\/i0.wp.com\/saint-remy-chevreuse-tt.fr\/wp-content\/uploads\/2021\/11\/IMG_7742-rotated.jpg?w=1512&amp;ssl=1 1512w, https:\/\/i0.wp.com\/saint-remy-chevreuse-tt.fr\/wp-content\/uploads\/2021\/11\/IMG_7742-rotated.jpg?resize=225%2C300&amp;ssl=1 225w, https:\/\/i0.wp.com\/saint-remy-chevreuse-tt.fr\/wp-content\/uploads\/2021\/11\/IMG_7742-rotated.jpg?resize=768%2C1024&amp;ssl=1 768w, https:\/\/i0.wp.com\/saint-remy-chevreuse-tt.fr\/wp-content\/uploads\/2021\/11\/IMG_7742-rotated.jpg?resize=1152%2C1536&amp;ssl=1 1152w, https:\/\/i0.wp.com\/saint-remy-chevreuse-tt.fr\/wp-content\/uploads\/2021\/11\/IMG_7742-rotated.jpg?resize=1%2C1&amp;ssl=1 1w, https:\/\/i0.wp.com\/saint-remy-chevreuse-tt.fr\/wp-content\/uploads\/2021\/11\/IMG_7742-rotated.jpg?w=1308 1308w\" sizes=\"(max-width: 654px) 100vw, 654px\" data-attachment-id=\"2713\" data-permalink=\"https:\/\/saint-remy-chevreuse-tt.fr\/index.php\/2021\/11\/17\/championnats-departementaux-veterans\/img_7742\/#main\" data-orig-file=\"https:\/\/i0.wp.com\/saint-remy-chevreuse-tt.fr\/wp-content\/uploads\/2021\/11\/IMG_7742-rotated.jpg?fit=1512%2C2016&amp;ssl=1\" data-orig-size=\"1512,2016\" data-comments-opened=\"0\" data-image-meta=\"{&quot;aperture&quot;:&quot;1.8&quot;,&quot;credit&quot;:&quot;&quot;,&quot;camera&quot;:&quot;iPhone XR&quot;,&quot;caption&quot;:&quot;&quot;,&quot;created_timestamp&quot;:&quot;1636638837&quot;,&quot;copyright&quot;:&quot;&quot;,&quot;focal_length&quot;:&quot;4.25&quot;,&quot;iso&quot;:&quot;200&quot;,&quot;shutter_speed&quot;:&quot;0.02&quot;,&quot;title&quot;:&quot;&quot;,&quot;orientation&quot;:&quot;1&quot;}\" data-image-title=\"IMG_7742\" data-image-description=\"\" data-image-caption=\"\" data-medium-file=\"https:\/\/i0.wp.com\/saint-remy-chevreuse-tt.fr\/wp-content\/uploads\/2021\/11\/IMG_7742-rotated.jpg?fit=225%2C300&amp;ssl=1\" data-large-file=\"https:\/\/i0.wp.com\/saint-remy-chevreuse-tt.fr\/wp-content\/uploads\/2021\/11\/IMG_7742-rotated.jpg?fit=654%2C872&amp;ssl=1\" role=\"button\" \/>\t\t\t\t\t\t\t\t<\/a>\n\t\t\t\t\t\t\t\t\t\t\t<figcaption class=\"widget-image-caption wp-caption-text\">1er Didier<\/figcaption>\n\t\t\t\t\t\t\t\t\t\t<\/figure>\n\t\t\t\t\t\t\t<\/div>\n\t\t\t\t<\/div>\n\t\t\t\t\t<\/div>\n\t\t<\/div>\n\t\t\t\t<div class=\"elementor-column elementor-col-33 elementor-top-column elementor-element elementor-element-4730624\" data-id=\"4730624\" data-element_type=\"column\">\n\t\t\t<div class=\"elementor-widget-wrap elementor-element-populated\">\n\t\t\t\t\t\t<div class=\"elementor-element elementor-element-87b1412 elementor-widget elementor-widget-image\" data-id=\"87b1412\" data-element_type=\"widget\" data-widget_type=\"image.default\">\n\t\t\t\t<div class=\"elementor-widget-container\">\n\t\t\t\t\t\t\t\t\t\t<figure class=\"wp-caption\">\n\t\t\t\t\t\t\t\t\t\t\t<a href=\"https:\/\/i0.wp.com\/saint-remy-chevreuse-tt.fr\/wp-content\/uploads\/2021\/11\/IMG_7753-rotated.jpg\" data-elementor-open-lightbox=\"yes\" data-elementor-lightbox-title=\"IMG_7753\" data-e-action-hash=\"#elementor-action%3Aaction%3Dlightbox%26settings%3DeyJpZCI6MjcxNCwidXJsIjoiaHR0cHM6XC9cL3NhaW50LXJlbXktY2hldnJldXNlLXR0LmZyXC93cC1jb250ZW50XC91cGxvYWRzXC8yMDIxXC8xMVwvSU1HXzc3NTMtcm90YXRlZC5qcGcifQ%3D%3D\">\n\t\t\t\t\t\t\t<img decoding=\"async\" data-attachment-id=\"2714\" data-permalink=\"https:\/\/saint-remy-chevreuse-tt.fr\/index.php\/2021\/11\/17\/championnats-departementaux-veterans\/img_7753\/#main\" data-orig-file=\"https:\/\/i0.wp.com\/saint-remy-chevreuse-tt.fr\/wp-content\/uploads\/2021\/11\/IMG_7753-rotated.jpg?fit=1512%2C2016&amp;ssl=1\" data-orig-size=\"1512,2016\" data-comments-opened=\"0\" data-image-meta=\"{&quot;aperture&quot;:&quot;1.8&quot;,&quot;credit&quot;:&quot;&quot;,&quot;camera&quot;:&quot;iPhone XR&quot;,&quot;caption&quot;:&quot;&quot;,&quot;created_timestamp&quot;:&quot;1636639242&quot;,&quot;copyright&quot;:&quot;&quot;,&quot;focal_length&quot;:&quot;4.25&quot;,&quot;iso&quot;:&quot;200&quot;,&quot;shutter_speed&quot;:&quot;0.02&quot;,&quot;title&quot;:&quot;&quot;,&quot;orientation&quot;:&quot;1&quot;}\" data-image-title=\"IMG_7753\" data-image-description=\"\" data-image-caption=\"\" data-medium-file=\"https:\/\/i0.wp.com\/saint-remy-chevreuse-tt.fr\/wp-content\/uploads\/2021\/11\/IMG_7753-rotated.jpg?fit=225%2C300&amp;ssl=1\" data-large-file=\"https:\/\/i0.wp.com\/saint-remy-chevreuse-tt.fr\/wp-content\/uploads\/2021\/11\/IMG_7753-rotated.jpg?fit=654%2C872&amp;ssl=1\" tabindex=\"0\" role=\"button\" width=\"654\" height=\"872\" src=\"https:\/\/i0.wp.com\/saint-remy-chevreuse-tt.fr\/wp-content\/uploads\/2021\/11\/IMG_7753-rotated.jpg?fit=654%2C872&amp;ssl=1\" class=\"attachment-large size-large wp-image-2714\" alt=\"\" srcset=\"https:\/\/i0.wp.com\/saint-remy-chevreuse-tt.fr\/wp-content\/uploads\/2021\/11\/IMG_7753-rotated.jpg?w=1512&amp;ssl=1 1512w, https:\/\/i0.wp.com\/saint-remy-chevreuse-tt.fr\/wp-content\/uploads\/2021\/11\/IMG_7753-rotated.jpg?resize=225%2C300&amp;ssl=1 225w, https:\/\/i0.wp.com\/saint-remy-chevreuse-tt.fr\/wp-content\/uploads\/2021\/11\/IMG_7753-rotated.jpg?resize=768%2C1024&amp;ssl=1 768w, https:\/\/i0.wp.com\/saint-remy-chevreuse-tt.fr\/wp-content\/uploads\/2021\/11\/IMG_7753-rotated.jpg?resize=1152%2C1536&amp;ssl=1 1152w, https:\/\/i0.wp.com\/saint-remy-chevreuse-tt.fr\/wp-content\/uploads\/2021\/11\/IMG_7753-rotated.jpg?resize=1%2C1&amp;ssl=1 1w, https:\/\/i0.wp.com\/saint-remy-chevreuse-tt.fr\/wp-content\/uploads\/2021\/11\/IMG_7753-rotated.jpg?w=1308 1308w\" sizes=\"(max-width: 654px) 100vw, 654px\" data-attachment-id=\"2714\" data-permalink=\"https:\/\/saint-remy-chevreuse-tt.fr\/index.php\/2021\/11\/17\/championnats-departementaux-veterans\/img_7753\/#main\" data-orig-file=\"https:\/\/i0.wp.com\/saint-remy-chevreuse-tt.fr\/wp-content\/uploads\/2021\/11\/IMG_7753-rotated.jpg?fit=1512%2C2016&amp;ssl=1\" data-orig-size=\"1512,2016\" data-comments-opened=\"0\" data-image-meta=\"{&quot;aperture&quot;:&quot;1.8&quot;,&quot;credit&quot;:&quot;&quot;,&quot;camera&quot;:&quot;iPhone XR&quot;,&quot;caption&quot;:&quot;&quot;,&quot;created_timestamp&quot;:&quot;1636639242&quot;,&quot;copyright&quot;:&quot;&quot;,&quot;focal_length&quot;:&quot;4.25&quot;,&quot;iso&quot;:&quot;200&quot;,&quot;shutter_speed&quot;:&quot;0.02&quot;,&quot;title&quot;:&quot;&quot;,&quot;orientation&quot;:&quot;1&quot;}\" data-image-title=\"IMG_7753\" data-image-description=\"\" data-image-caption=\"\" data-medium-file=\"https:\/\/i0.wp.com\/saint-remy-chevreuse-tt.fr\/wp-content\/uploads\/2021\/11\/IMG_7753-rotated.jpg?fit=225%2C300&amp;ssl=1\" data-large-file=\"https:\/\/i0.wp.com\/saint-remy-chevreuse-tt.fr\/wp-content\/uploads\/2021\/11\/IMG_7753-rotated.jpg?fit=654%2C872&amp;ssl=1\" role=\"button\" \/>\t\t\t\t\t\t\t\t<\/a>\n\t\t\t\t\t\t\t\t\t\t\t<figcaption class=\"widget-image-caption wp-caption-text\">Bernard une belle 2\u00e8me place<\/figcaption>\n\t\t\t\t\t\t\t\t\t\t<\/figure>\n\t\t\t\t\t\t\t<\/div>\n\t\t\t\t<\/div>\n\t\t\t\t\t<\/div>\n\t\t<\/div>\n\t\t\t\t\t<\/div>\n\t\t<\/section>\n\t\t\t\t<section class=\"elementor-section elementor-top-section elementor-element elementor-element-45e7e88 elementor-section-boxed elementor-section-height-default elementor-section-height-default\" data-id=\"45e7e88\" data-element_type=\"section\">\n\t\t\t\t\t\t<div class=\"elementor-container elementor-column-gap-default\">\n\t\t\t\t\t<div class=\"elementor-column elementor-col-33 elementor-top-column elementor-element elementor-element-65e3fc4\" data-id=\"65e3fc4\" data-element_type=\"column\">\n\t\t\t<div class=\"elementor-widget-wrap elementor-element-populated\">\n\t\t\t\t\t\t<div class=\"elementor-element elementor-element-b75ce74 elementor-widget elementor-widget-image\" data-id=\"b75ce74\" data-element_type=\"widget\" data-widget_type=\"image.default\">\n\t\t\t\t<div class=\"elementor-widget-container\">\n\t\t\t\t\t\t\t\t\t\t<figure class=\"wp-caption\">\n\t\t\t\t\t\t\t\t\t\t\t<a href=\"https:\/\/i0.wp.com\/saint-remy-chevreuse-tt.fr\/wp-content\/uploads\/2021\/11\/IMG-20211111-WA0001.jpg\" data-elementor-open-lightbox=\"yes\" data-elementor-lightbox-title=\"IMG-20211111-WA0001\" data-e-action-hash=\"#elementor-action%3Aaction%3Dlightbox%26settings%3DeyJpZCI6MjcxNiwidXJsIjoiaHR0cHM6XC9cL3NhaW50LXJlbXktY2hldnJldXNlLXR0LmZyXC93cC1jb250ZW50XC91cGxvYWRzXC8yMDIxXC8xMVwvSU1HLTIwMjExMTExLVdBMDAwMS5qcGcifQ%3D%3D\">\n\t\t\t\t\t\t\t<img loading=\"lazy\" decoding=\"async\" data-attachment-id=\"2716\" data-permalink=\"https:\/\/saint-remy-chevreuse-tt.fr\/index.php\/2021\/11\/17\/championnats-departementaux-veterans\/img-20211111-wa0001\/#main\" data-orig-file=\"https:\/\/i0.wp.com\/saint-remy-chevreuse-tt.fr\/wp-content\/uploads\/2021\/11\/IMG-20211111-WA0001.jpg?fit=1600%2C1200&amp;ssl=1\" data-orig-size=\"1600,1200\" data-comments-opened=\"0\" data-image-meta=\"{&quot;aperture&quot;:&quot;0&quot;,&quot;credit&quot;:&quot;&quot;,&quot;camera&quot;:&quot;&quot;,&quot;caption&quot;:&quot;&quot;,&quot;created_timestamp&quot;:&quot;0&quot;,&quot;copyright&quot;:&quot;&quot;,&quot;focal_length&quot;:&quot;0&quot;,&quot;iso&quot;:&quot;0&quot;,&quot;shutter_speed&quot;:&quot;0&quot;,&quot;title&quot;:&quot;&quot;,&quot;orientation&quot;:&quot;0&quot;}\" data-image-title=\"IMG-20211111-WA0001\" data-image-description=\"\" data-image-caption=\"\" data-medium-file=\"https:\/\/i0.wp.com\/saint-remy-chevreuse-tt.fr\/wp-content\/uploads\/2021\/11\/IMG-20211111-WA0001.jpg?fit=300%2C225&amp;ssl=1\" data-large-file=\"https:\/\/i0.wp.com\/saint-remy-chevreuse-tt.fr\/wp-content\/uploads\/2021\/11\/IMG-20211111-WA0001.jpg?fit=654%2C491&amp;ssl=1\" tabindex=\"0\" role=\"button\" width=\"654\" height=\"491\" src=\"https:\/\/i0.wp.com\/saint-remy-chevreuse-tt.fr\/wp-content\/uploads\/2021\/11\/IMG-20211111-WA0001.jpg?fit=654%2C491&amp;ssl=1\" class=\"attachment-large size-large wp-image-2716\" alt=\"\" srcset=\"https:\/\/i0.wp.com\/saint-remy-chevreuse-tt.fr\/wp-content\/uploads\/2021\/11\/IMG-20211111-WA0001.jpg?w=1600&amp;ssl=1 1600w, https:\/\/i0.wp.com\/saint-remy-chevreuse-tt.fr\/wp-content\/uploads\/2021\/11\/IMG-20211111-WA0001.jpg?resize=300%2C225&amp;ssl=1 300w, https:\/\/i0.wp.com\/saint-remy-chevreuse-tt.fr\/wp-content\/uploads\/2021\/11\/IMG-20211111-WA0001.jpg?resize=1024%2C768&amp;ssl=1 1024w, https:\/\/i0.wp.com\/saint-remy-chevreuse-tt.fr\/wp-content\/uploads\/2021\/11\/IMG-20211111-WA0001.jpg?resize=768%2C576&amp;ssl=1 768w, https:\/\/i0.wp.com\/saint-remy-chevreuse-tt.fr\/wp-content\/uploads\/2021\/11\/IMG-20211111-WA0001.jpg?resize=1536%2C1152&amp;ssl=1 1536w, https:\/\/i0.wp.com\/saint-remy-chevreuse-tt.fr\/wp-content\/uploads\/2021\/11\/IMG-20211111-WA0001.jpg?resize=1%2C1&amp;ssl=1 1w, https:\/\/i0.wp.com\/saint-remy-chevreuse-tt.fr\/wp-content\/uploads\/2021\/11\/IMG-20211111-WA0001.jpg?w=1308 1308w\" sizes=\"(max-width: 654px) 100vw, 654px\" data-attachment-id=\"2716\" data-permalink=\"https:\/\/saint-remy-chevreuse-tt.fr\/index.php\/2021\/11\/17\/championnats-departementaux-veterans\/img-20211111-wa0001\/#main\" data-orig-file=\"https:\/\/i0.wp.com\/saint-remy-chevreuse-tt.fr\/wp-content\/uploads\/2021\/11\/IMG-20211111-WA0001.jpg?fit=1600%2C1200&amp;ssl=1\" data-orig-size=\"1600,1200\" data-comments-opened=\"0\" data-image-meta=\"{&quot;aperture&quot;:&quot;0&quot;,&quot;credit&quot;:&quot;&quot;,&quot;camera&quot;:&quot;&quot;,&quot;caption&quot;:&quot;&quot;,&quot;created_timestamp&quot;:&quot;0&quot;,&quot;copyright&quot;:&quot;&quot;,&quot;focal_length&quot;:&quot;0&quot;,&quot;iso&quot;:&quot;0&quot;,&quot;shutter_speed&quot;:&quot;0&quot;,&quot;title&quot;:&quot;&quot;,&quot;orientation&quot;:&quot;0&quot;}\" data-image-title=\"IMG-20211111-WA0001\" data-image-description=\"\" data-image-caption=\"\" data-medium-file=\"https:\/\/i0.wp.com\/saint-remy-chevreuse-tt.fr\/wp-content\/uploads\/2021\/11\/IMG-20211111-WA0001.jpg?fit=300%2C225&amp;ssl=1\" data-large-file=\"https:\/\/i0.wp.com\/saint-remy-chevreuse-tt.fr\/wp-content\/uploads\/2021\/11\/IMG-20211111-WA0001.jpg?fit=654%2C491&amp;ssl=1\" role=\"button\" \/>\t\t\t\t\t\t\t\t<\/a>\n\t\t\t\t\t\t\t\t\t\t\t<figcaption class=\"widget-image-caption wp-caption-text\">Roger une 2\u00e8me place qui compl\u00e8te un grand palmar\u00e8s<\/figcaption>\n\t\t\t\t\t\t\t\t\t\t<\/figure>\n\t\t\t\t\t\t\t<\/div>\n\t\t\t\t<\/div>\n\t\t\t\t\t<\/div>\n\t\t<\/div>\n\t\t\t\t<div class=\"elementor-column elementor-col-33 elementor-top-column elementor-element elementor-element-6352720\" data-id=\"6352720\" data-element_type=\"column\">\n\t\t\t<div class=\"elementor-widget-wrap\">\n\t\t\t\t\t\t\t<\/div>\n\t\t<\/div>\n\t\t\t\t<div class=\"elementor-column elementor-col-33 elementor-top-column elementor-element elementor-element-237043e\" data-id=\"237043e\" data-element_type=\"column\">\n\t\t\t<div class=\"elementor-widget-wrap elementor-element-populated\">\n\t\t\t\t\t\t<div class=\"elementor-element elementor-element-29d9161 elementor-widget elementor-widget-image\" data-id=\"29d9161\" data-element_type=\"widget\" data-widget_type=\"image.default\">\n\t\t\t\t<div class=\"elementor-widget-container\">\n\t\t\t\t\t\t\t\t\t\t<figure class=\"wp-caption\">\n\t\t\t\t\t\t\t\t\t\t\t<a href=\"https:\/\/i0.wp.com\/saint-remy-chevreuse-tt.fr\/wp-content\/uploads\/2021\/11\/IMG-20211111-WA0002.jpg\" data-elementor-open-lightbox=\"yes\" data-elementor-lightbox-title=\"IMG-20211111-WA0002\" data-e-action-hash=\"#elementor-action%3Aaction%3Dlightbox%26settings%3DeyJpZCI6MjcxNywidXJsIjoiaHR0cHM6XC9cL3NhaW50LXJlbXktY2hldnJldXNlLXR0LmZyXC93cC1jb250ZW50XC91cGxvYWRzXC8yMDIxXC8xMVwvSU1HLTIwMjExMTExLVdBMDAwMi5qcGcifQ%3D%3D\">\n\t\t\t\t\t\t\t<img loading=\"lazy\" decoding=\"async\" data-attachment-id=\"2717\" data-permalink=\"https:\/\/saint-remy-chevreuse-tt.fr\/index.php\/2021\/11\/17\/championnats-departementaux-veterans\/img-20211111-wa0002\/#main\" data-orig-file=\"https:\/\/i0.wp.com\/saint-remy-chevreuse-tt.fr\/wp-content\/uploads\/2021\/11\/IMG-20211111-WA0002.jpg?fit=2048%2C1536&amp;ssl=1\" data-orig-size=\"2048,1536\" data-comments-opened=\"0\" data-image-meta=\"{&quot;aperture&quot;:&quot;0&quot;,&quot;credit&quot;:&quot;&quot;,&quot;camera&quot;:&quot;&quot;,&quot;caption&quot;:&quot;&quot;,&quot;created_timestamp&quot;:&quot;0&quot;,&quot;copyright&quot;:&quot;&quot;,&quot;focal_length&quot;:&quot;0&quot;,&quot;iso&quot;:&quot;0&quot;,&quot;shutter_speed&quot;:&quot;0&quot;,&quot;title&quot;:&quot;&quot;,&quot;orientation&quot;:&quot;0&quot;}\" data-image-title=\"IMG-20211111-WA0002\" data-image-description=\"\" data-image-caption=\"\" data-medium-file=\"https:\/\/i0.wp.com\/saint-remy-chevreuse-tt.fr\/wp-content\/uploads\/2021\/11\/IMG-20211111-WA0002.jpg?fit=300%2C225&amp;ssl=1\" data-large-file=\"https:\/\/i0.wp.com\/saint-remy-chevreuse-tt.fr\/wp-content\/uploads\/2021\/11\/IMG-20211111-WA0002.jpg?fit=654%2C491&amp;ssl=1\" tabindex=\"0\" role=\"button\" width=\"654\" height=\"491\" src=\"https:\/\/i0.wp.com\/saint-remy-chevreuse-tt.fr\/wp-content\/uploads\/2021\/11\/IMG-20211111-WA0002.jpg?fit=654%2C491&amp;ssl=1\" class=\"attachment-large size-large wp-image-2717\" alt=\"\" srcset=\"https:\/\/i0.wp.com\/saint-remy-chevreuse-tt.fr\/wp-content\/uploads\/2021\/11\/IMG-20211111-WA0002.jpg?w=2048&amp;ssl=1 2048w, https:\/\/i0.wp.com\/saint-remy-chevreuse-tt.fr\/wp-content\/uploads\/2021\/11\/IMG-20211111-WA0002.jpg?resize=300%2C225&amp;ssl=1 300w, https:\/\/i0.wp.com\/saint-remy-chevreuse-tt.fr\/wp-content\/uploads\/2021\/11\/IMG-20211111-WA0002.jpg?resize=1024%2C768&amp;ssl=1 1024w, https:\/\/i0.wp.com\/saint-remy-chevreuse-tt.fr\/wp-content\/uploads\/2021\/11\/IMG-20211111-WA0002.jpg?resize=768%2C576&amp;ssl=1 768w, https:\/\/i0.wp.com\/saint-remy-chevreuse-tt.fr\/wp-content\/uploads\/2021\/11\/IMG-20211111-WA0002.jpg?resize=1536%2C1152&amp;ssl=1 1536w, https:\/\/i0.wp.com\/saint-remy-chevreuse-tt.fr\/wp-content\/uploads\/2021\/11\/IMG-20211111-WA0002.jpg?resize=1%2C1&amp;ssl=1 1w, https:\/\/i0.wp.com\/saint-remy-chevreuse-tt.fr\/wp-content\/uploads\/2021\/11\/IMG-20211111-WA0002.jpg?w=1308 1308w, https:\/\/i0.wp.com\/saint-remy-chevreuse-tt.fr\/wp-content\/uploads\/2021\/11\/IMG-20211111-WA0002.jpg?w=1962 1962w\" sizes=\"(max-width: 654px) 100vw, 654px\" data-attachment-id=\"2717\" data-permalink=\"https:\/\/saint-remy-chevreuse-tt.fr\/index.php\/2021\/11\/17\/championnats-departementaux-veterans\/img-20211111-wa0002\/#main\" data-orig-file=\"https:\/\/i0.wp.com\/saint-remy-chevreuse-tt.fr\/wp-content\/uploads\/2021\/11\/IMG-20211111-WA0002.jpg?fit=2048%2C1536&amp;ssl=1\" data-orig-size=\"2048,1536\" data-comments-opened=\"0\" data-image-meta=\"{&quot;aperture&quot;:&quot;0&quot;,&quot;credit&quot;:&quot;&quot;,&quot;camera&quot;:&quot;&quot;,&quot;caption&quot;:&quot;&quot;,&quot;created_timestamp&quot;:&quot;0&quot;,&quot;copyright&quot;:&quot;&quot;,&quot;focal_length&quot;:&quot;0&quot;,&quot;iso&quot;:&quot;0&quot;,&quot;shutter_speed&quot;:&quot;0&quot;,&quot;title&quot;:&quot;&quot;,&quot;orientation&quot;:&quot;0&quot;}\" data-image-title=\"IMG-20211111-WA0002\" data-image-description=\"\" data-image-caption=\"\" data-medium-file=\"https:\/\/i0.wp.com\/saint-remy-chevreuse-tt.fr\/wp-content\/uploads\/2021\/11\/IMG-20211111-WA0002.jpg?fit=300%2C225&amp;ssl=1\" data-large-file=\"https:\/\/i0.wp.com\/saint-remy-chevreuse-tt.fr\/wp-content\/uploads\/2021\/11\/IMG-20211111-WA0002.jpg?fit=654%2C491&amp;ssl=1\" role=\"button\" \/>\t\t\t\t\t\t\t\t<\/a>\n\t\t\t\t\t\t\t\t\t\t\t<figcaption class=\"widget-image-caption wp-caption-text\">Didier, Bernard, Fran\u00e7oise et Roger<\/figcaption>\n\t\t\t\t\t\t\t\t\t\t<\/figure>\n\t\t\t\t\t\t\t<\/div>\n\t\t\t\t<\/div>\n\t\t\t\t\t<\/div>\n\t\t<\/div>\n\t\t\t\t\t<\/div>\n\t\t<\/section>\n\t\t\t\t<\/div>\n\t\t","protected":false},"excerpt":{"rendered":"<p>La semaine derni\u00e8re se sont d\u00e9roul\u00e9s les Championnats D\u00e9partementaux V\u00e9t\u00e9rans auxquels participaient 5 de nos comp\u00e9titeurs. Fran\u00e7oise, Kagna, Roger, Bernard et Didier dans leurs cat\u00e9gories respectives et malgr\u00e9 une heure matinale pour certains, \u00e9taient tous tr\u00e8s motiv\u00e9s et d\u00e9sireux de monter sur le podium. Une place sur le podium permettant une qualification pour les Championnats [&hellip;]<\/p>\n","protected":false},"author":1,"featured_media":0,"comment_status":"closed","ping_status":"closed","sticky":false,"template":"","format":"standard","meta":{"_jetpack_memberships_contains_paid_content":false,"footnotes":"","jetpack_publicize_message":"","jetpack_publicize_feature_enabled":true,"jetpack_social_post_already_shared":true,"jetpack_social_options":{"image_generator_settings":{"template":"highway","enabled":false},"version":2}},"categories":[37],"tags":[],"class_list":["post-2712","post","type-post","status-publish","format-standard","hentry","category-article"],"jetpack_publicize_connections":[],"aioseo_notices":[],"jetpack_featured_media_url":"","jetpack_sharing_enabled":true,"jetpack_shortlink":"https:\/\/wp.me\/p9Eq5I-HK","jetpack_likes_enabled":false,"jetpack-related-posts":[],"post_mailing_queue_ids":[],"_links":{"self":[{"href":"https:\/\/saint-remy-chevreuse-tt.fr\/index.php\/wp-json\/wp\/v2\/posts\/2712"}],"collection":[{"href":"https:\/\/saint-remy-chevreuse-tt.fr\/index.php\/wp-json\/wp\/v2\/posts"}],"about":[{"href":"https:\/\/saint-remy-chevreuse-tt.fr\/index.php\/wp-json\/wp\/v2\/types\/post"}],"author":[{"embeddable":true,"href":"https:\/\/saint-remy-chevreuse-tt.fr\/index.php\/wp-json\/wp\/v2\/users\/1"}],"replies":[{"embeddable":true,"href":"https:\/\/saint-remy-chevreuse-tt.fr\/index.php\/wp-json\/wp\/v2\/comments?post=2712"}],"version-history":[{"count":4,"href":"https:\/\/saint-remy-chevreuse-tt.fr\/index.php\/wp-json\/wp\/v2\/posts\/2712\/revisions"}],"predecessor-version":[{"id":2724,"href":"https:\/\/saint-remy-chevreuse-tt.fr\/index.php\/wp-json\/wp\/v2\/posts\/2712\/revisions\/2724"}],"wp:attachment":[{"href":"https:\/\/saint-remy-chevreuse-tt.fr\/index.php\/wp-json\/wp\/v2\/media?parent=2712"}],"wp:term":[{"taxonomy":"category","embeddable":true,"href":"https:\/\/saint-remy-chevreuse-tt.fr\/index.php\/wp-json\/wp\/v2\/categories?post=2712"},{"taxonomy":"post_tag","embeddable":true,"href":"https:\/\/saint-remy-chevreuse-tt.fr\/index.php\/wp-json\/wp\/v2\/tags?post=2712"}],"curies":[{"name":"wp","href":"https:\/\/api.w.org\/{rel}","templated":true}]}}