{"id":2745,"date":"2021-12-03T00:14:13","date_gmt":"2021-12-02T23:14:13","guid":{"rendered":"http:\/\/saint-remy-chevreuse-tt.fr\/?p=2745"},"modified":"2021-12-03T00:15:00","modified_gmt":"2021-12-02T23:15:00","slug":"championnats-des-jeunes-par-equipes","status":"publish","type":"post","link":"https:\/\/saint-remy-chevreuse-tt.fr\/index.php\/2021\/12\/03\/championnats-des-jeunes-par-equipes\/","title":{"rendered":"Championnats des jeunes par \u00e9quipes"},"content":{"rendered":"\t\t<div data-elementor-type=\"wp-post\" data-elementor-id=\"2745\" class=\"elementor elementor-2745\">\n\t\t\t\t\t\t<section class=\"elementor-section elementor-top-section elementor-element elementor-element-1fdaf0be elementor-section-boxed elementor-section-height-default elementor-section-height-default\" data-id=\"1fdaf0be\" data-element_type=\"section\">\n\t\t\t\t\t\t<div class=\"elementor-container elementor-column-gap-default\">\n\t\t\t\t\t<div class=\"elementor-column elementor-col-100 elementor-top-column elementor-element elementor-element-272fca43\" data-id=\"272fca43\" data-element_type=\"column\">\n\t\t\t<div class=\"elementor-widget-wrap elementor-element-populated\">\n\t\t\t\t\t\t<div class=\"elementor-element elementor-element-7d7b755c elementor-widget elementor-widget-text-editor\" data-id=\"7d7b755c\" data-element_type=\"widget\" data-widget_type=\"text-editor.default\">\n\t\t\t\t<div class=\"elementor-widget-container\">\n\t\t\t\t\t\t\t<p>La premi\u00e8re journ\u00e9e des <strong><span style=\"color: #000000;\">championnats des jeunes du d\u00e9partement<\/span><\/strong> a eu lieu le samedi 27 novembre 2021.<\/p><p><strong><span style=\"color: #000000;\">L&rsquo;\u00e9quipe Cadet 1<\/span><\/strong> (<span style=\"color: #0000ff;\">Baptiste<\/span>, <span style=\"color: #0000ff;\">Valentin<\/span> et <span style=\"color: #0000ff;\">Romain<\/span>) et l&rsquo;<strong><span style=\"color: #000000;\">\u00e9quipe Minime 1<\/span><\/strong> (<span style=\"color: #0000ff;\">Gabriel<\/span>, <span style=\"color: #0000ff;\">Arthur<\/span>, <span style=\"color: #0000ff;\">Nathael<\/span>) ont jou\u00e9 aux Clayes-Sous-bois<\/p><p><strong><span style=\"color: #000000;\">L&rsquo;\u00e9quipe Cadet 2<\/span><\/strong> (<span style=\"color: #0000ff;\">Jean<\/span>, <span style=\"color: #0000ff;\">Mathias<\/span>, <span style=\"color: #0000ff;\">Nathan et Jules<\/span>) a jou\u00e9 \u00e0 Saint-Arnoult.<\/p><p>C\u2019\u00e9tait la premi\u00e8re comp\u00e9tition des jeunes depuis plusieurs saisons suite aux probl\u00e8mes sanitaires v\u00e9cus ces 2 derni\u00e8res ann\u00e9es et c\u2019est donc avec excitation doubl\u00e9e d\u2019une certaine appr\u00e9hension que les jeunes ont abord\u00e9 la comp\u00e9tition.<\/p><p><strong><span style=\"color: #000000;\">L\u2019\u00e9quipe Cadet 1<\/span><\/strong> ratait de peu la qualification pour la finale de la poule lors de la premi\u00e8re rencontre : Avantage 5 match \u00e0 4 en simple pour Saint-R\u00e9my mais le double gagn\u00e9 par Les Clayes-Sous-bois comptait 2 points (6-5) et \u00e9liminait Saint-R\u00e9my pour la premi\u00e8re place.<\/p><p>Lors du match pour la troisi\u00e8me place, Saint-R\u00e9my l\u2019emportait 7 \u00e0 4 apr\u00e8s quelques batailles acharn\u00e9es et des \u00e9changes parfois spectaculaires.<\/p><p><strong><span style=\"color: #000000;\">L\u2019\u00e9quipe Minime<\/span><\/strong> disputait pour sa part une partie dans une poule de 3. L\u00e0 aussi, la premi\u00e8re rencontre se soldait par une courte d\u00e9faite 7-4 contre Les Clayes-Sous-bois mais les Saint-R\u00e9mois ne se d\u00e9courageaient pas et battaient l\u2019\u00e9quipe de Maule 8 \u00e0 3, assurant ainsi la 2\u00e8me place de la poule.<\/p><p><strong><span style=\"color: #000000;\">L\u2019\u00e9quipe Cadet 2<\/span><\/strong> subissait le m\u00eame sort que l\u2019\u00e9quipe 1 et ratait de peu la qualification pour la finale de la poule lors de la premi\u00e8re rencontre : Avantage 5 match \u00e0 4 pour Saint-R\u00e9my mais le double gagn\u00e9 par Triel comptait double (6-5) et \u00e9liminait Saint-R\u00e9my. L\u2019\u00e9quipe malgr\u00e9 une belle r\u00e9sistance s\u2019est inclin\u00e9 lors du second match contre une forte \u00e9quipe d\u2019Ablis.<\/p><p>Les joueurs ont donc termin\u00e9 cette premi\u00e8re rencontre avec des victoires, concluant de mani\u00e8re positive une journ\u00e9e ou ils ont su faire preuve d\u2019une belle solidarit\u00e9 n\u2019h\u00e9sitant pas \u00e0 encourager et conseiller leurs co\u00e9quipiers.<\/p><p>Tout le monde a maintenant h\u00e2te de se retrouver lors de la prochaine journ\u00e9e qui aura lieu\u2026en 2022.<\/p>\t\t\t\t\t\t<\/div>\n\t\t\t\t<\/div>\n\t\t\t\t\t<\/div>\n\t\t<\/div>\n\t\t\t\t\t<\/div>\n\t\t<\/section>\n\t\t\t\t<section class=\"elementor-section elementor-top-section elementor-element elementor-element-3356b66 elementor-section-boxed elementor-section-height-default elementor-section-height-default\" data-id=\"3356b66\" data-element_type=\"section\">\n\t\t\t\t\t\t<div class=\"elementor-container elementor-column-gap-default\">\n\t\t\t\t\t<div class=\"elementor-column elementor-col-33 elementor-top-column elementor-element elementor-element-617cc8b\" data-id=\"617cc8b\" data-element_type=\"column\">\n\t\t\t<div class=\"elementor-widget-wrap elementor-element-populated\">\n\t\t\t\t\t\t<div class=\"elementor-element elementor-element-e382c32 elementor-widget elementor-widget-image\" data-id=\"e382c32\" data-element_type=\"widget\" data-widget_type=\"image.default\">\n\t\t\t\t<div class=\"elementor-widget-container\">\n\t\t\t\t\t\t\t\t\t\t<figure class=\"wp-caption\">\n\t\t\t\t\t\t\t\t\t\t\t<a href=\"https:\/\/i0.wp.com\/saint-remy-chevreuse-tt.fr\/wp-content\/uploads\/2021\/12\/IMG-20211202-WA0006.jpg\" data-elementor-open-lightbox=\"yes\" data-elementor-lightbox-title=\"IMG-20211202-WA0006\" data-e-action-hash=\"#elementor-action%3Aaction%3Dlightbox%26settings%3DeyJpZCI6Mjc0NywidXJsIjoiaHR0cHM6XC9cL3NhaW50LXJlbXktY2hldnJldXNlLXR0LmZyXC93cC1jb250ZW50XC91cGxvYWRzXC8yMDIxXC8xMlwvSU1HLTIwMjExMjAyLVdBMDAwNi5qcGcifQ%3D%3D\">\n\t\t\t\t\t\t\t<img fetchpriority=\"high\" decoding=\"async\" data-attachment-id=\"2747\" data-permalink=\"https:\/\/saint-remy-chevreuse-tt.fr\/index.php\/2021\/12\/03\/championnats-des-jeunes-par-equipes\/img-20211202-wa0006\/#main\" data-orig-file=\"https:\/\/i0.wp.com\/saint-remy-chevreuse-tt.fr\/wp-content\/uploads\/2021\/12\/IMG-20211202-WA0006.jpg?fit=2048%2C1536&amp;ssl=1\" data-orig-size=\"2048,1536\" data-comments-opened=\"0\" data-image-meta=\"{&quot;aperture&quot;:&quot;0&quot;,&quot;credit&quot;:&quot;&quot;,&quot;camera&quot;:&quot;&quot;,&quot;caption&quot;:&quot;&quot;,&quot;created_timestamp&quot;:&quot;0&quot;,&quot;copyright&quot;:&quot;&quot;,&quot;focal_length&quot;:&quot;0&quot;,&quot;iso&quot;:&quot;0&quot;,&quot;shutter_speed&quot;:&quot;0&quot;,&quot;title&quot;:&quot;&quot;,&quot;orientation&quot;:&quot;0&quot;}\" data-image-title=\"IMG-20211202-WA0006\" data-image-description=\"\" data-image-caption=\"\" data-medium-file=\"https:\/\/i0.wp.com\/saint-remy-chevreuse-tt.fr\/wp-content\/uploads\/2021\/12\/IMG-20211202-WA0006.jpg?fit=300%2C225&amp;ssl=1\" data-large-file=\"https:\/\/i0.wp.com\/saint-remy-chevreuse-tt.fr\/wp-content\/uploads\/2021\/12\/IMG-20211202-WA0006.jpg?fit=654%2C491&amp;ssl=1\" tabindex=\"0\" role=\"button\" width=\"654\" height=\"491\" src=\"https:\/\/i0.wp.com\/saint-remy-chevreuse-tt.fr\/wp-content\/uploads\/2021\/12\/IMG-20211202-WA0006.jpg?fit=654%2C491&amp;ssl=1\" class=\"attachment-large size-large wp-image-2747\" alt=\"\" srcset=\"https:\/\/i0.wp.com\/saint-remy-chevreuse-tt.fr\/wp-content\/uploads\/2021\/12\/IMG-20211202-WA0006.jpg?w=2048&amp;ssl=1 2048w, https:\/\/i0.wp.com\/saint-remy-chevreuse-tt.fr\/wp-content\/uploads\/2021\/12\/IMG-20211202-WA0006.jpg?resize=300%2C225&amp;ssl=1 300w, https:\/\/i0.wp.com\/saint-remy-chevreuse-tt.fr\/wp-content\/uploads\/2021\/12\/IMG-20211202-WA0006.jpg?resize=1024%2C768&amp;ssl=1 1024w, https:\/\/i0.wp.com\/saint-remy-chevreuse-tt.fr\/wp-content\/uploads\/2021\/12\/IMG-20211202-WA0006.jpg?resize=768%2C576&amp;ssl=1 768w, https:\/\/i0.wp.com\/saint-remy-chevreuse-tt.fr\/wp-content\/uploads\/2021\/12\/IMG-20211202-WA0006.jpg?resize=1536%2C1152&amp;ssl=1 1536w, https:\/\/i0.wp.com\/saint-remy-chevreuse-tt.fr\/wp-content\/uploads\/2021\/12\/IMG-20211202-WA0006.jpg?resize=1%2C1&amp;ssl=1 1w, https:\/\/i0.wp.com\/saint-remy-chevreuse-tt.fr\/wp-content\/uploads\/2021\/12\/IMG-20211202-WA0006.jpg?w=1308 1308w, https:\/\/i0.wp.com\/saint-remy-chevreuse-tt.fr\/wp-content\/uploads\/2021\/12\/IMG-20211202-WA0006.jpg?w=1962 1962w\" sizes=\"(max-width: 654px) 100vw, 654px\" data-attachment-id=\"2747\" data-permalink=\"https:\/\/saint-remy-chevreuse-tt.fr\/index.php\/2021\/12\/03\/championnats-des-jeunes-par-equipes\/img-20211202-wa0006\/#main\" data-orig-file=\"https:\/\/i0.wp.com\/saint-remy-chevreuse-tt.fr\/wp-content\/uploads\/2021\/12\/IMG-20211202-WA0006.jpg?fit=2048%2C1536&amp;ssl=1\" data-orig-size=\"2048,1536\" data-comments-opened=\"0\" data-image-meta=\"{&quot;aperture&quot;:&quot;0&quot;,&quot;credit&quot;:&quot;&quot;,&quot;camera&quot;:&quot;&quot;,&quot;caption&quot;:&quot;&quot;,&quot;created_timestamp&quot;:&quot;0&quot;,&quot;copyright&quot;:&quot;&quot;,&quot;focal_length&quot;:&quot;0&quot;,&quot;iso&quot;:&quot;0&quot;,&quot;shutter_speed&quot;:&quot;0&quot;,&quot;title&quot;:&quot;&quot;,&quot;orientation&quot;:&quot;0&quot;}\" data-image-title=\"IMG-20211202-WA0006\" data-image-description=\"\" data-image-caption=\"\" data-medium-file=\"https:\/\/i0.wp.com\/saint-remy-chevreuse-tt.fr\/wp-content\/uploads\/2021\/12\/IMG-20211202-WA0006.jpg?fit=300%2C225&amp;ssl=1\" data-large-file=\"https:\/\/i0.wp.com\/saint-remy-chevreuse-tt.fr\/wp-content\/uploads\/2021\/12\/IMG-20211202-WA0006.jpg?fit=654%2C491&amp;ssl=1\" role=\"button\" \/>\t\t\t\t\t\t\t\t<\/a>\n\t\t\t\t\t\t\t\t\t\t\t<figcaption class=\"widget-image-caption wp-caption-text\">Equipe Cadet 1 : Baptiste, Romain, Valentin<\/figcaption>\n\t\t\t\t\t\t\t\t\t\t<\/figure>\n\t\t\t\t\t\t\t<\/div>\n\t\t\t\t<\/div>\n\t\t\t\t\t<\/div>\n\t\t<\/div>\n\t\t\t\t<div class=\"elementor-column elementor-col-33 elementor-top-column elementor-element elementor-element-7e4a65b\" data-id=\"7e4a65b\" data-element_type=\"column\">\n\t\t\t<div class=\"elementor-widget-wrap elementor-element-populated\">\n\t\t\t\t\t\t<div class=\"elementor-element elementor-element-b2e1a87 elementor-widget elementor-widget-image\" data-id=\"b2e1a87\" data-element_type=\"widget\" data-widget_type=\"image.default\">\n\t\t\t\t<div class=\"elementor-widget-container\">\n\t\t\t\t\t\t\t\t\t\t<figure class=\"wp-caption\">\n\t\t\t\t\t\t\t\t\t\t\t<a href=\"https:\/\/i0.wp.com\/saint-remy-chevreuse-tt.fr\/wp-content\/uploads\/2021\/12\/IMG-20211130-WA0007.jpg\" data-elementor-open-lightbox=\"yes\" data-elementor-lightbox-title=\"IMG-20211130-WA0007\" data-e-action-hash=\"#elementor-action%3Aaction%3Dlightbox%26settings%3DeyJpZCI6Mjc0NiwidXJsIjoiaHR0cHM6XC9cL3NhaW50LXJlbXktY2hldnJldXNlLXR0LmZyXC93cC1jb250ZW50XC91cGxvYWRzXC8yMDIxXC8xMlwvSU1HLTIwMjExMTMwLVdBMDAwNy5qcGcifQ%3D%3D\">\n\t\t\t\t\t\t\t<img decoding=\"async\" data-attachment-id=\"2746\" data-permalink=\"https:\/\/saint-remy-chevreuse-tt.fr\/index.php\/2021\/12\/03\/championnats-des-jeunes-par-equipes\/img-20211130-wa0007\/#main\" data-orig-file=\"https:\/\/i0.wp.com\/saint-remy-chevreuse-tt.fr\/wp-content\/uploads\/2021\/12\/IMG-20211130-WA0007.jpg?fit=2048%2C1536&amp;ssl=1\" data-orig-size=\"2048,1536\" data-comments-opened=\"0\" data-image-meta=\"{&quot;aperture&quot;:&quot;0&quot;,&quot;credit&quot;:&quot;&quot;,&quot;camera&quot;:&quot;&quot;,&quot;caption&quot;:&quot;&quot;,&quot;created_timestamp&quot;:&quot;0&quot;,&quot;copyright&quot;:&quot;&quot;,&quot;focal_length&quot;:&quot;0&quot;,&quot;iso&quot;:&quot;0&quot;,&quot;shutter_speed&quot;:&quot;0&quot;,&quot;title&quot;:&quot;&quot;,&quot;orientation&quot;:&quot;0&quot;}\" data-image-title=\"IMG-20211130-WA0007\" data-image-description=\"\" data-image-caption=\"\" data-medium-file=\"https:\/\/i0.wp.com\/saint-remy-chevreuse-tt.fr\/wp-content\/uploads\/2021\/12\/IMG-20211130-WA0007.jpg?fit=300%2C225&amp;ssl=1\" data-large-file=\"https:\/\/i0.wp.com\/saint-remy-chevreuse-tt.fr\/wp-content\/uploads\/2021\/12\/IMG-20211130-WA0007.jpg?fit=654%2C491&amp;ssl=1\" tabindex=\"0\" role=\"button\" width=\"654\" height=\"491\" src=\"https:\/\/i0.wp.com\/saint-remy-chevreuse-tt.fr\/wp-content\/uploads\/2021\/12\/IMG-20211130-WA0007.jpg?fit=654%2C491&amp;ssl=1\" class=\"attachment-large size-large wp-image-2746\" alt=\"\" srcset=\"https:\/\/i0.wp.com\/saint-remy-chevreuse-tt.fr\/wp-content\/uploads\/2021\/12\/IMG-20211130-WA0007.jpg?w=2048&amp;ssl=1 2048w, https:\/\/i0.wp.com\/saint-remy-chevreuse-tt.fr\/wp-content\/uploads\/2021\/12\/IMG-20211130-WA0007.jpg?resize=300%2C225&amp;ssl=1 300w, https:\/\/i0.wp.com\/saint-remy-chevreuse-tt.fr\/wp-content\/uploads\/2021\/12\/IMG-20211130-WA0007.jpg?resize=1024%2C768&amp;ssl=1 1024w, https:\/\/i0.wp.com\/saint-remy-chevreuse-tt.fr\/wp-content\/uploads\/2021\/12\/IMG-20211130-WA0007.jpg?resize=768%2C576&amp;ssl=1 768w, https:\/\/i0.wp.com\/saint-remy-chevreuse-tt.fr\/wp-content\/uploads\/2021\/12\/IMG-20211130-WA0007.jpg?resize=1536%2C1152&amp;ssl=1 1536w, https:\/\/i0.wp.com\/saint-remy-chevreuse-tt.fr\/wp-content\/uploads\/2021\/12\/IMG-20211130-WA0007.jpg?resize=1%2C1&amp;ssl=1 1w, https:\/\/i0.wp.com\/saint-remy-chevreuse-tt.fr\/wp-content\/uploads\/2021\/12\/IMG-20211130-WA0007.jpg?w=1308 1308w, https:\/\/i0.wp.com\/saint-remy-chevreuse-tt.fr\/wp-content\/uploads\/2021\/12\/IMG-20211130-WA0007.jpg?w=1962 1962w\" sizes=\"(max-width: 654px) 100vw, 654px\" data-attachment-id=\"2746\" data-permalink=\"https:\/\/saint-remy-chevreuse-tt.fr\/index.php\/2021\/12\/03\/championnats-des-jeunes-par-equipes\/img-20211130-wa0007\/#main\" data-orig-file=\"https:\/\/i0.wp.com\/saint-remy-chevreuse-tt.fr\/wp-content\/uploads\/2021\/12\/IMG-20211130-WA0007.jpg?fit=2048%2C1536&amp;ssl=1\" data-orig-size=\"2048,1536\" data-comments-opened=\"0\" data-image-meta=\"{&quot;aperture&quot;:&quot;0&quot;,&quot;credit&quot;:&quot;&quot;,&quot;camera&quot;:&quot;&quot;,&quot;caption&quot;:&quot;&quot;,&quot;created_timestamp&quot;:&quot;0&quot;,&quot;copyright&quot;:&quot;&quot;,&quot;focal_length&quot;:&quot;0&quot;,&quot;iso&quot;:&quot;0&quot;,&quot;shutter_speed&quot;:&quot;0&quot;,&quot;title&quot;:&quot;&quot;,&quot;orientation&quot;:&quot;0&quot;}\" data-image-title=\"IMG-20211130-WA0007\" data-image-description=\"\" data-image-caption=\"\" data-medium-file=\"https:\/\/i0.wp.com\/saint-remy-chevreuse-tt.fr\/wp-content\/uploads\/2021\/12\/IMG-20211130-WA0007.jpg?fit=300%2C225&amp;ssl=1\" data-large-file=\"https:\/\/i0.wp.com\/saint-remy-chevreuse-tt.fr\/wp-content\/uploads\/2021\/12\/IMG-20211130-WA0007.jpg?fit=654%2C491&amp;ssl=1\" role=\"button\" \/>\t\t\t\t\t\t\t\t<\/a>\n\t\t\t\t\t\t\t\t\t\t\t<figcaption class=\"widget-image-caption wp-caption-text\">Equipe Cadet 2 : Nathan, Jules, Mathias<\/figcaption>\n\t\t\t\t\t\t\t\t\t\t<\/figure>\n\t\t\t\t\t\t\t<\/div>\n\t\t\t\t<\/div>\n\t\t\t\t\t<\/div>\n\t\t<\/div>\n\t\t\t\t<div class=\"elementor-column elementor-col-33 elementor-top-column elementor-element elementor-element-73a1998\" data-id=\"73a1998\" data-element_type=\"column\">\n\t\t\t<div class=\"elementor-widget-wrap elementor-element-populated\">\n\t\t\t\t\t\t<div class=\"elementor-element elementor-element-7c8ecd2 elementor-widget elementor-widget-image\" data-id=\"7c8ecd2\" data-element_type=\"widget\" data-widget_type=\"image.default\">\n\t\t\t\t<div class=\"elementor-widget-container\">\n\t\t\t\t\t\t\t\t\t\t<figure class=\"wp-caption\">\n\t\t\t\t\t\t\t\t\t\t\t<a href=\"https:\/\/i0.wp.com\/saint-remy-chevreuse-tt.fr\/wp-content\/uploads\/2021\/12\/IMG-20211202-WA0008.jpg\" data-elementor-open-lightbox=\"yes\" data-elementor-lightbox-title=\"IMG-20211202-WA0008\" data-e-action-hash=\"#elementor-action%3Aaction%3Dlightbox%26settings%3DeyJpZCI6Mjc0OSwidXJsIjoiaHR0cHM6XC9cL3NhaW50LXJlbXktY2hldnJldXNlLXR0LmZyXC93cC1jb250ZW50XC91cGxvYWRzXC8yMDIxXC8xMlwvSU1HLTIwMjExMjAyLVdBMDAwOC5qcGcifQ%3D%3D\">\n\t\t\t\t\t\t\t<img decoding=\"async\" data-attachment-id=\"2749\" data-permalink=\"https:\/\/saint-remy-chevreuse-tt.fr\/index.php\/2021\/12\/03\/championnats-des-jeunes-par-equipes\/img-20211202-wa0008\/#main\" data-orig-file=\"https:\/\/i0.wp.com\/saint-remy-chevreuse-tt.fr\/wp-content\/uploads\/2021\/12\/IMG-20211202-WA0008.jpg?fit=2048%2C1152&amp;ssl=1\" data-orig-size=\"2048,1152\" data-comments-opened=\"0\" data-image-meta=\"{&quot;aperture&quot;:&quot;0&quot;,&quot;credit&quot;:&quot;&quot;,&quot;camera&quot;:&quot;&quot;,&quot;caption&quot;:&quot;&quot;,&quot;created_timestamp&quot;:&quot;0&quot;,&quot;copyright&quot;:&quot;&quot;,&quot;focal_length&quot;:&quot;0&quot;,&quot;iso&quot;:&quot;0&quot;,&quot;shutter_speed&quot;:&quot;0&quot;,&quot;title&quot;:&quot;&quot;,&quot;orientation&quot;:&quot;0&quot;}\" data-image-title=\"IMG-20211202-WA0008\" data-image-description=\"\" data-image-caption=\"\" data-medium-file=\"https:\/\/i0.wp.com\/saint-remy-chevreuse-tt.fr\/wp-content\/uploads\/2021\/12\/IMG-20211202-WA0008.jpg?fit=300%2C169&amp;ssl=1\" data-large-file=\"https:\/\/i0.wp.com\/saint-remy-chevreuse-tt.fr\/wp-content\/uploads\/2021\/12\/IMG-20211202-WA0008.jpg?fit=654%2C368&amp;ssl=1\" tabindex=\"0\" role=\"button\" width=\"654\" height=\"368\" src=\"https:\/\/i0.wp.com\/saint-remy-chevreuse-tt.fr\/wp-content\/uploads\/2021\/12\/IMG-20211202-WA0008.jpg?fit=654%2C368&amp;ssl=1\" class=\"attachment-large size-large wp-image-2749\" alt=\"\" srcset=\"https:\/\/i0.wp.com\/saint-remy-chevreuse-tt.fr\/wp-content\/uploads\/2021\/12\/IMG-20211202-WA0008.jpg?w=2048&amp;ssl=1 2048w, https:\/\/i0.wp.com\/saint-remy-chevreuse-tt.fr\/wp-content\/uploads\/2021\/12\/IMG-20211202-WA0008.jpg?resize=300%2C169&amp;ssl=1 300w, https:\/\/i0.wp.com\/saint-remy-chevreuse-tt.fr\/wp-content\/uploads\/2021\/12\/IMG-20211202-WA0008.jpg?resize=1024%2C576&amp;ssl=1 1024w, https:\/\/i0.wp.com\/saint-remy-chevreuse-tt.fr\/wp-content\/uploads\/2021\/12\/IMG-20211202-WA0008.jpg?resize=768%2C432&amp;ssl=1 768w, https:\/\/i0.wp.com\/saint-remy-chevreuse-tt.fr\/wp-content\/uploads\/2021\/12\/IMG-20211202-WA0008.jpg?resize=1536%2C864&amp;ssl=1 1536w, https:\/\/i0.wp.com\/saint-remy-chevreuse-tt.fr\/wp-content\/uploads\/2021\/12\/IMG-20211202-WA0008.jpg?resize=2%2C1&amp;ssl=1 2w, https:\/\/i0.wp.com\/saint-remy-chevreuse-tt.fr\/wp-content\/uploads\/2021\/12\/IMG-20211202-WA0008.jpg?resize=700%2C394&amp;ssl=1 700w, https:\/\/i0.wp.com\/saint-remy-chevreuse-tt.fr\/wp-content\/uploads\/2021\/12\/IMG-20211202-WA0008.jpg?w=1308 1308w, https:\/\/i0.wp.com\/saint-remy-chevreuse-tt.fr\/wp-content\/uploads\/2021\/12\/IMG-20211202-WA0008.jpg?w=1962 1962w\" sizes=\"(max-width: 654px) 100vw, 654px\" data-attachment-id=\"2749\" data-permalink=\"https:\/\/saint-remy-chevreuse-tt.fr\/index.php\/2021\/12\/03\/championnats-des-jeunes-par-equipes\/img-20211202-wa0008\/#main\" data-orig-file=\"https:\/\/i0.wp.com\/saint-remy-chevreuse-tt.fr\/wp-content\/uploads\/2021\/12\/IMG-20211202-WA0008.jpg?fit=2048%2C1152&amp;ssl=1\" data-orig-size=\"2048,1152\" data-comments-opened=\"0\" data-image-meta=\"{&quot;aperture&quot;:&quot;0&quot;,&quot;credit&quot;:&quot;&quot;,&quot;camera&quot;:&quot;&quot;,&quot;caption&quot;:&quot;&quot;,&quot;created_timestamp&quot;:&quot;0&quot;,&quot;copyright&quot;:&quot;&quot;,&quot;focal_length&quot;:&quot;0&quot;,&quot;iso&quot;:&quot;0&quot;,&quot;shutter_speed&quot;:&quot;0&quot;,&quot;title&quot;:&quot;&quot;,&quot;orientation&quot;:&quot;0&quot;}\" data-image-title=\"IMG-20211202-WA0008\" data-image-description=\"\" data-image-caption=\"\" data-medium-file=\"https:\/\/i0.wp.com\/saint-remy-chevreuse-tt.fr\/wp-content\/uploads\/2021\/12\/IMG-20211202-WA0008.jpg?fit=300%2C169&amp;ssl=1\" data-large-file=\"https:\/\/i0.wp.com\/saint-remy-chevreuse-tt.fr\/wp-content\/uploads\/2021\/12\/IMG-20211202-WA0008.jpg?fit=654%2C368&amp;ssl=1\" role=\"button\" \/>\t\t\t\t\t\t\t\t<\/a>\n\t\t\t\t\t\t\t\t\t\t\t<figcaption class=\"widget-image-caption wp-caption-text\">Equipe Minime : Arthur, Gabriel<\/figcaption>\n\t\t\t\t\t\t\t\t\t\t<\/figure>\n\t\t\t\t\t\t\t<\/div>\n\t\t\t\t<\/div>\n\t\t\t\t\t<\/div>\n\t\t<\/div>\n\t\t\t\t\t<\/div>\n\t\t<\/section>\n\t\t\t\t<\/div>\n\t\t","protected":false},"excerpt":{"rendered":"<p>La premi\u00e8re journ\u00e9e des championnats des jeunes du d\u00e9partement a eu lieu le samedi 27 novembre 2021. L&rsquo;\u00e9quipe Cadet 1 (Baptiste, Valentin et Romain) et l&rsquo;\u00e9quipe Minime 1 (Gabriel, Arthur, Nathael) ont jou\u00e9 aux Clayes-Sous-bois L&rsquo;\u00e9quipe Cadet 2 (Jean, Mathias, Nathan et Jules) a jou\u00e9 \u00e0 Saint-Arnoult. C\u2019\u00e9tait la premi\u00e8re comp\u00e9tition des jeunes depuis plusieurs [&hellip;]<\/p>\n","protected":false},"author":1,"featured_media":0,"comment_status":"closed","ping_status":"closed","sticky":false,"template":"","format":"standard","meta":{"_jetpack_memberships_contains_paid_content":false,"footnotes":"","jetpack_publicize_message":"","jetpack_publicize_feature_enabled":true,"jetpack_social_post_already_shared":true,"jetpack_social_options":{"image_generator_settings":{"template":"highway","enabled":false},"version":2}},"categories":[37],"tags":[],"class_list":["post-2745","post","type-post","status-publish","format-standard","hentry","category-article"],"jetpack_publicize_connections":[],"aioseo_notices":[],"jetpack_featured_media_url":"","jetpack_sharing_enabled":true,"jetpack_shortlink":"https:\/\/wp.me\/p9Eq5I-Ih","jetpack_likes_enabled":false,"jetpack-related-posts":[],"post_mailing_queue_ids":[],"_links":{"self":[{"href":"https:\/\/saint-remy-chevreuse-tt.fr\/index.php\/wp-json\/wp\/v2\/posts\/2745"}],"collection":[{"href":"https:\/\/saint-remy-chevreuse-tt.fr\/index.php\/wp-json\/wp\/v2\/posts"}],"about":[{"href":"https:\/\/saint-remy-chevreuse-tt.fr\/index.php\/wp-json\/wp\/v2\/types\/post"}],"author":[{"embeddable":true,"href":"https:\/\/saint-remy-chevreuse-tt.fr\/index.php\/wp-json\/wp\/v2\/users\/1"}],"replies":[{"embeddable":true,"href":"https:\/\/saint-remy-chevreuse-tt.fr\/index.php\/wp-json\/wp\/v2\/comments?post=2745"}],"version-history":[{"count":2,"href":"https:\/\/saint-remy-chevreuse-tt.fr\/index.php\/wp-json\/wp\/v2\/posts\/2745\/revisions"}],"predecessor-version":[{"id":2751,"href":"https:\/\/saint-remy-chevreuse-tt.fr\/index.php\/wp-json\/wp\/v2\/posts\/2745\/revisions\/2751"}],"wp:attachment":[{"href":"https:\/\/saint-remy-chevreuse-tt.fr\/index.php\/wp-json\/wp\/v2\/media?parent=2745"}],"wp:term":[{"taxonomy":"category","embeddable":true,"href":"https:\/\/saint-remy-chevreuse-tt.fr\/index.php\/wp-json\/wp\/v2\/categories?post=2745"},{"taxonomy":"post_tag","embeddable":true,"href":"https:\/\/saint-remy-chevreuse-tt.fr\/index.php\/wp-json\/wp\/v2\/tags?post=2745"}],"curies":[{"name":"wp","href":"https:\/\/api.w.org\/{rel}","templated":true}]}}