{"id":2800,"date":"2022-02-21T13:00:50","date_gmt":"2022-02-21T12:00:50","guid":{"rendered":"http:\/\/saint-remy-chevreuse-tt.fr\/?p=2800"},"modified":"2022-02-21T15:29:52","modified_gmt":"2022-02-21T14:29:52","slug":"championnats-des-jeunes-par-equipes-3eme-journee","status":"publish","type":"post","link":"https:\/\/saint-remy-chevreuse-tt.fr\/index.php\/2022\/02\/21\/championnats-des-jeunes-par-equipes-3eme-journee\/","title":{"rendered":"Championnats des jeunes par \u00e9quipes &#8211; 3\u00e8me journ\u00e9e"},"content":{"rendered":"\t\t<div data-elementor-type=\"wp-post\" data-elementor-id=\"2800\" class=\"elementor elementor-2800\">\n\t\t\t\t\t\t<section class=\"elementor-section elementor-top-section elementor-element elementor-element-232e3e13 elementor-section-boxed elementor-section-height-default elementor-section-height-default\" data-id=\"232e3e13\" data-element_type=\"section\">\n\t\t\t\t\t\t<div class=\"elementor-container elementor-column-gap-default\">\n\t\t\t\t\t<div class=\"elementor-column elementor-col-100 elementor-top-column elementor-element elementor-element-3e120b7b\" data-id=\"3e120b7b\" data-element_type=\"column\">\n\t\t\t<div class=\"elementor-widget-wrap elementor-element-populated\">\n\t\t\t\t\t\t<div class=\"elementor-element elementor-element-34458aff elementor-widget elementor-widget-text-editor\" data-id=\"34458aff\" data-element_type=\"widget\" data-widget_type=\"text-editor.default\">\n\t\t\t\t<div class=\"elementor-widget-container\">\n\t\t\t\t\t\t\t<p><span style=\"color: #0000ff;\"><strong>Superbes r\u00e9sultats de nos \u00e9quipes jeunes avec 2 mont\u00e9es en division sup\u00e9rieure, D1 pour les Cadets 1 et D2 pour les Cadets 2 et le maintien en D2 pour nos Minimes.<br><\/strong><\/span><\/p>\n<p><span style=\"color: #000000;\"><strong>\u00c9quipe Cadets<span style=\"color: #000000;\"> 1<\/span><\/strong><strong> :<\/strong><\/span> Apr\u00e8s un premier match remport\u00e9 facilement 11-0 contre notre h\u00f4te Maurepas, Romain, Valentin et Baptiste ont donn\u00e9 leur maximum pour remporter leur match 6-5 contre Orgeval.<br>Malgr\u00e9 la perte du double, les Saint-R\u00e9mois se sont d\u00e9pass\u00e9s pour remporter les simples 6 \u00e0 3 avec quelques matchs tr\u00e8s accroch\u00e9s o\u00f9 l\u2019\u00e9quipe a su hisser son niveau de jeu.<br>Rendez-vous en D1 pour le dernier match de la saison !!<span style=\"color: #888888;\"><br><\/span><\/p>\n<p><strong><span style=\"color: #000000;\">\u00c9quipe Cadets 2 :<\/span><\/strong> Deux belles victoires, 10-1 et 9-2 contre respectivement St Cyr L\u2019\u00c9cole et Le Chesnay, de Nathan, Mathias et Jean. Une premi\u00e8re place sur le podium qui permet \u00e0 notre \u00e9quipe Cadet 2 de monter en D2 pour la derni\u00e8re journ\u00e9e le 12 mars.<\/p>\n<p><strong><span style=\"color: #000000;\">\u00c9quipe Minimes :<\/span><\/strong> Jules, Nathael et Arthur on termin\u00e9 3\u00e8me de leur poule et se maintiennent en D\u00e9partemental 2.<\/p>\n<p>Un grand bravo \u00e0 tous nos jeunes comp\u00e9titeurs pour leur superbe motivation et leurs tr\u00e8s bons r\u00e9sultats.<\/p>\t\t\t\t\t\t<\/div>\n\t\t\t\t<\/div>\n\t\t\t\t\t<\/div>\n\t\t<\/div>\n\t\t\t\t\t<\/div>\n\t\t<\/section>\n\t\t\t\t<section class=\"elementor-section elementor-top-section elementor-element elementor-element-3193062 elementor-section-boxed elementor-section-height-default elementor-section-height-default\" data-id=\"3193062\" data-element_type=\"section\">\n\t\t\t\t\t\t<div class=\"elementor-container elementor-column-gap-default\">\n\t\t\t\t\t<div class=\"elementor-column elementor-col-100 elementor-top-column elementor-element elementor-element-b42fb93\" data-id=\"b42fb93\" data-element_type=\"column\">\n\t\t\t<div class=\"elementor-widget-wrap elementor-element-populated\">\n\t\t\t\t\t\t<div class=\"elementor-element elementor-element-924a0f6 elementor-widget elementor-widget-image\" data-id=\"924a0f6\" data-element_type=\"widget\" data-widget_type=\"image.default\">\n\t\t\t\t<div class=\"elementor-widget-container\">\n\t\t\t\t\t\t\t\t\t\t<figure class=\"wp-caption\">\n\t\t\t\t\t\t\t\t\t\t<img data-recalc-dims=\"1\" decoding=\"async\" src=\"https:\/\/i0.wp.com\/saint-remy-chevreuse-tt.fr\/wp-content\/uploads\/2022\/02\/IMG-20220217-WA0001.jpg?w=654&#038;ssl=1\" title=\"IMG-20220217-WA0001\" alt=\"IMG-20220217-WA0001\" loading=\"lazy\" \/>\t\t\t\t\t\t\t\t\t\t\t<figcaption class=\"widget-image-caption wp-caption-text\">Valentin et Romain<\/figcaption>\n\t\t\t\t\t\t\t\t\t\t<\/figure>\n\t\t\t\t\t\t\t<\/div>\n\t\t\t\t<\/div>\n\t\t\t\t\t<\/div>\n\t\t<\/div>\n\t\t\t\t\t<\/div>\n\t\t<\/section>\n\t\t\t\t<\/div>\n\t\t","protected":false},"excerpt":{"rendered":"<p>Superbes r\u00e9sultats de nos \u00e9quipes jeunes avec 2 mont\u00e9es en division sup\u00e9rieure, D1 pour les Cadets 1 et D2 pour les Cadets 2 et le maintien en D2 pour nos Minimes. \u00c9quipe Cadets 1 : Apr\u00e8s un premier match remport\u00e9 facilement 11-0 contre notre h\u00f4te Maurepas, Romain, Valentin et Baptiste ont donn\u00e9 leur maximum pour [&hellip;]<\/p>\n","protected":false},"author":1,"featured_media":0,"comment_status":"closed","ping_status":"closed","sticky":false,"template":"","format":"standard","meta":{"_jetpack_memberships_contains_paid_content":false,"footnotes":"","jetpack_publicize_message":"","jetpack_publicize_feature_enabled":true,"jetpack_social_post_already_shared":true,"jetpack_social_options":{"image_generator_settings":{"template":"highway","enabled":false},"version":2}},"categories":[37],"tags":[],"class_list":["post-2800","post","type-post","status-publish","format-standard","hentry","category-article"],"jetpack_publicize_connections":[],"aioseo_notices":[],"jetpack_featured_media_url":"","jetpack_sharing_enabled":true,"jetpack_shortlink":"https:\/\/wp.me\/p9Eq5I-Ja","jetpack_likes_enabled":false,"jetpack-related-posts":[],"post_mailing_queue_ids":[],"_links":{"self":[{"href":"https:\/\/saint-remy-chevreuse-tt.fr\/index.php\/wp-json\/wp\/v2\/posts\/2800"}],"collection":[{"href":"https:\/\/saint-remy-chevreuse-tt.fr\/index.php\/wp-json\/wp\/v2\/posts"}],"about":[{"href":"https:\/\/saint-remy-chevreuse-tt.fr\/index.php\/wp-json\/wp\/v2\/types\/post"}],"author":[{"embeddable":true,"href":"https:\/\/saint-remy-chevreuse-tt.fr\/index.php\/wp-json\/wp\/v2\/users\/1"}],"replies":[{"embeddable":true,"href":"https:\/\/saint-remy-chevreuse-tt.fr\/index.php\/wp-json\/wp\/v2\/comments?post=2800"}],"version-history":[{"count":2,"href":"https:\/\/saint-remy-chevreuse-tt.fr\/index.php\/wp-json\/wp\/v2\/posts\/2800\/revisions"}],"predecessor-version":[{"id":2803,"href":"https:\/\/saint-remy-chevreuse-tt.fr\/index.php\/wp-json\/wp\/v2\/posts\/2800\/revisions\/2803"}],"wp:attachment":[{"href":"https:\/\/saint-remy-chevreuse-tt.fr\/index.php\/wp-json\/wp\/v2\/media?parent=2800"}],"wp:term":[{"taxonomy":"category","embeddable":true,"href":"https:\/\/saint-remy-chevreuse-tt.fr\/index.php\/wp-json\/wp\/v2\/categories?post=2800"},{"taxonomy":"post_tag","embeddable":true,"href":"https:\/\/saint-remy-chevreuse-tt.fr\/index.php\/wp-json\/wp\/v2\/tags?post=2800"}],"curies":[{"name":"wp","href":"https:\/\/api.w.org\/{rel}","templated":true}]}}