{"id":2910,"date":"2022-12-13T23:57:39","date_gmt":"2022-12-13T22:57:39","guid":{"rendered":"http:\/\/saint-remy-chevreuse-tt.fr\/?p=2910"},"modified":"2022-12-14T09:46:42","modified_gmt":"2022-12-14T08:46:42","slug":"fin-de-phase-saison-2022-2023","status":"publish","type":"post","link":"https:\/\/saint-remy-chevreuse-tt.fr\/index.php\/2022\/12\/13\/fin-de-phase-saison-2022-2023\/","title":{"rendered":"Fin de Phase &#8211; Saison 2022-2023"},"content":{"rendered":"\t\t<div data-elementor-type=\"wp-post\" data-elementor-id=\"2910\" class=\"elementor elementor-2910\">\n\t\t\t\t\t\t<section class=\"elementor-section elementor-top-section elementor-element elementor-element-d011644 elementor-section-boxed elementor-section-height-default elementor-section-height-default\" data-id=\"d011644\" data-element_type=\"section\">\n\t\t\t\t\t\t<div class=\"elementor-container elementor-column-gap-default\">\n\t\t\t\t\t<div class=\"elementor-column elementor-col-100 elementor-top-column elementor-element elementor-element-03119c6\" data-id=\"03119c6\" data-element_type=\"column\">\n\t\t\t<div class=\"elementor-widget-wrap elementor-element-populated\">\n\t\t\t\t\t\t<div class=\"elementor-element elementor-element-17fb451 elementor-widget elementor-widget-text-editor\" data-id=\"17fb451\" data-element_type=\"widget\" data-widget_type=\"text-editor.default\">\n\t\t\t\t<div class=\"elementor-widget-container\">\n\t\t\t\t\t\t\t<p>La phase 1 de cette saison 2022-2023 vient de s&rsquo;achever, l&rsquo;occasion de vous livrer quelques r\u00e9sultats et informations en vrac :<\/p><p><strong><u>Chez les adultes\u00a0:<\/u><\/strong><\/p><p>1)\u00a0\u00a0\u00a0\u00a0\u00a0\u00a0<span style=\"color: #0000ff;\">Nous r\u00e9it\u00e9rons l\u2019exploit de 2018 avec\u00a03 mont\u00e9es en division sup\u00e9rieure. R\u00e9gionale 1, et 2 D\u00e9partementale 1<\/span>. Cette magnifique r\u00e9ussite a \u00e9t\u00e9 permise\u00a0gr\u00e2ce \u00e0 vous les comp\u00e9titeurs qui vous \u00eates rendus disponibles et performants mais aussi gr\u00e2ce \u00e0\u00a0l&rsquo;immense travail de strat\u00e9gie globale r\u00e9alis\u00e9 par Yann pour atteindre cet objectif.\u00a0<\/p><p>2)\u00a0\u00a0\u00a0\u00a0\u00a0\u00a0<span style=\"color: #0000ff;\">Nous retrouvons donc la R\u00e9gionale 1 apr\u00e8s 10 ans d\u2019absence \u00e0 ce niveau.<\/span> L&rsquo;\u00e9quipe 1 est rest\u00e9e invaincue durant toute la phase. F\u00e9licitations \u00e0 cette \u00e9quipe jeune, talentueuse et spectaculaire. En route pour\u00a0la Pr\u00e9-Nationale !<\/p><p>3)\u00a0\u00a0\u00a0\u00a0\u00a0\u00a0<span style=\"color: #0000ff;\">L\u2019\u00e9quipe 2 se maintient en R3 avec une belle 3\u00e8me\u00a0place.<\/span> En 2018 elle \u00e9voluait en D2 (3 divisions en dessous). C&rsquo;est un bel accomplissement qu&rsquo;il convient aussi de souligner.<\/p><p>4)\u00a0\u00a0\u00a0\u00a0\u00a0\u00a0<span style=\"color: #0000ff;\">Nos 2 \u00e9quipes D2 montent brillamment\u00a0en D1<\/span>. Il faut d\u00e9sormais viser la Pr\u00e9-R\u00e9gionale\u00a0!<\/p><p>5)\u00a0\u00a0\u00a0\u00a0\u00a0\u00a0<span style=\"color: #0000ff;\">Une belle 2\u00e8me\u00a0place a \u00e9t\u00e9 obtenue par l\u2019\u00e9quipe 5 en D\u00e9partementale 3<\/span>, avec des joueurs motiv\u00e9s, disponibles et non bless\u00e9s la mont\u00e9e est tout \u00e0 fait envisageable en deuxi\u00e8me phase.<\/p><p>6)\u00a0\u00a0\u00a0\u00a0\u00a0\u00a0<span style=\"color: #0000ff;\">L\u2019\u00e9quipe 6 qui avait \u00e9t\u00e9 rep\u00each\u00e9e en D3 est tomb\u00e9e sur une poule trop forte<\/span> et \u00e9voluera en D4 lors de la prochaine phase. Quelques belles performances individuelles ont \u00e9t\u00e9 enregistr\u00e9es.<\/p><p><strong><u>Chez les Jeunes\u00a0:<br \/><\/u><\/strong>7)\u00a0\u00a0\u00a0\u00a0\u00a0\u00a0Nous avons cr\u00e9\u00e9 cette ann\u00e9e une 7\u00e8me\u00a0\u00e9quipe pour le Championnat de France seniors. <span style=\"color: #0000ff;\">Ce sont donc 4 jeunes qui ont d\u00e9couvert ce championnat et qui terminent \u00e0 une tr\u00e8s honorable 3\u00e8me place ex-aequo.<\/span> Un grand merci \u00e0 Eric qui les a coach\u00e9s et a su cr\u00e9er une belle \u00e9mulation\u00a0entre les joueurs.<\/p><p>8)\u00a0\u00a0\u00a0\u00a0\u00a0\u00a0Les Jeunes sont \u00e0 l&rsquo;honneur cette saison. Ainsi 5 \u00e9quipes de Benjamins, Minimes, Cadets et Juniors (2) ont \u00e9t\u00e9 engag\u00e9es dans les championnats de Jeunes. <span style=\"color: #0000ff;\">Un grand bravo \u00e0 tous ces enfants et adolescents qui ont port\u00e9 haut les couleurs du club<\/span> : 3 \u00e9quipes terminent 1\u00e8res de leur poule, 2 terminent en 2\u00e8me\u00a0position.<\/p><p><strong>POUR INFORMATION (et \u00e0 notre plus grand regret):<\/strong><\/p><p>Le gymnase sera malheureusement <span style=\"color: #000000;\">ferm\u00e9 \u00e0 partir du 19 d\u00e9cembre jusqu\u2019au lundi 2 janvier 2023 inclus<\/span>.\u00a0Reprise des entra\u00eenements le mardi 3 janvier pour les jeunes et les adultes.<\/p><p><span style=\"color: #000000;\">Nous nous retrouverons donc \u00e0 partir du mardi 3 janvier 2023<\/span>, d&rsquo;ici l\u00e0, nous souhaitons \u00e0 toutes et tous d&rsquo;excellentes f\u00eates de fin d&rsquo;ann\u00e9e.<\/p>\t\t\t\t\t\t<\/div>\n\t\t\t\t<\/div>\n\t\t\t\t\t<\/div>\n\t\t<\/div>\n\t\t\t\t\t<\/div>\n\t\t<\/section>\n\t\t\t\t<section class=\"elementor-section elementor-top-section elementor-element elementor-element-cd976dc elementor-section-boxed elementor-section-height-default elementor-section-height-default\" data-id=\"cd976dc\" data-element_type=\"section\">\n\t\t\t\t\t\t<div class=\"elementor-container elementor-column-gap-default\">\n\t\t\t\t\t<div class=\"elementor-column elementor-col-50 elementor-top-column elementor-element elementor-element-3e6b66c\" data-id=\"3e6b66c\" data-element_type=\"column\">\n\t\t\t<div class=\"elementor-widget-wrap elementor-element-populated\">\n\t\t\t\t\t\t<div class=\"elementor-element elementor-element-d2d1461 elementor-widget elementor-widget-image\" data-id=\"d2d1461\" data-element_type=\"widget\" data-widget_type=\"image.default\">\n\t\t\t\t<div class=\"elementor-widget-container\">\n\t\t\t\t\t\t\t\t\t\t<figure class=\"wp-caption\">\n\t\t\t\t\t\t\t\t\t\t\t<a href=\"https:\/\/i0.wp.com\/saint-remy-chevreuse-tt.fr\/wp-content\/uploads\/2022\/12\/20221112_140505-scaled.jpg\" data-elementor-open-lightbox=\"yes\" data-elementor-lightbox-title=\"20221112_140505\" data-e-action-hash=\"#elementor-action%3Aaction%3Dlightbox%26settings%3DeyJpZCI6MjkxMSwidXJsIjoiaHR0cHM6XC9cL3NhaW50LXJlbXktY2hldnJldXNlLXR0LmZyXC93cC1jb250ZW50XC91cGxvYWRzXC8yMDIyXC8xMlwvMjAyMjExMTJfMTQwNTA1LXNjYWxlZC5qcGcifQ%3D%3D\">\n\t\t\t\t\t\t\t<img fetchpriority=\"high\" decoding=\"async\" data-attachment-id=\"2911\" data-permalink=\"https:\/\/saint-remy-chevreuse-tt.fr\/index.php\/2022\/12\/13\/fin-de-phase-saison-2022-2023\/20221112_140505\/#main\" data-orig-file=\"https:\/\/i0.wp.com\/saint-remy-chevreuse-tt.fr\/wp-content\/uploads\/2022\/12\/20221112_140505-scaled.jpg?fit=2560%2C1440&amp;ssl=1\" data-orig-size=\"2560,1440\" data-comments-opened=\"0\" data-image-meta=\"{&quot;aperture&quot;:&quot;2.4&quot;,&quot;credit&quot;:&quot;&quot;,&quot;camera&quot;:&quot;SM-G973F&quot;,&quot;caption&quot;:&quot;&quot;,&quot;created_timestamp&quot;:&quot;1668261905&quot;,&quot;copyright&quot;:&quot;&quot;,&quot;focal_length&quot;:&quot;4.32&quot;,&quot;iso&quot;:&quot;200&quot;,&quot;shutter_speed&quot;:&quot;0.02&quot;,&quot;title&quot;:&quot;&quot;,&quot;orientation&quot;:&quot;1&quot;}\" data-image-title=\"20221112_140505\" data-image-description=\"\" data-image-caption=\"\" data-medium-file=\"https:\/\/i0.wp.com\/saint-remy-chevreuse-tt.fr\/wp-content\/uploads\/2022\/12\/20221112_140505-scaled.jpg?fit=300%2C169&amp;ssl=1\" data-large-file=\"https:\/\/i0.wp.com\/saint-remy-chevreuse-tt.fr\/wp-content\/uploads\/2022\/12\/20221112_140505-scaled.jpg?fit=654%2C368&amp;ssl=1\" tabindex=\"0\" role=\"button\" width=\"300\" height=\"169\" src=\"https:\/\/i0.wp.com\/saint-remy-chevreuse-tt.fr\/wp-content\/uploads\/2022\/12\/20221112_140505-scaled.jpg?fit=300%2C169&amp;ssl=1\" class=\"attachment-medium size-medium wp-image-2911\" alt=\"\" srcset=\"https:\/\/i0.wp.com\/saint-remy-chevreuse-tt.fr\/wp-content\/uploads\/2022\/12\/20221112_140505-scaled.jpg?w=2560&amp;ssl=1 2560w, https:\/\/i0.wp.com\/saint-remy-chevreuse-tt.fr\/wp-content\/uploads\/2022\/12\/20221112_140505-scaled.jpg?resize=300%2C169&amp;ssl=1 300w, https:\/\/i0.wp.com\/saint-remy-chevreuse-tt.fr\/wp-content\/uploads\/2022\/12\/20221112_140505-scaled.jpg?resize=1024%2C576&amp;ssl=1 1024w, https:\/\/i0.wp.com\/saint-remy-chevreuse-tt.fr\/wp-content\/uploads\/2022\/12\/20221112_140505-scaled.jpg?resize=768%2C432&amp;ssl=1 768w, https:\/\/i0.wp.com\/saint-remy-chevreuse-tt.fr\/wp-content\/uploads\/2022\/12\/20221112_140505-scaled.jpg?resize=1536%2C864&amp;ssl=1 1536w, https:\/\/i0.wp.com\/saint-remy-chevreuse-tt.fr\/wp-content\/uploads\/2022\/12\/20221112_140505-scaled.jpg?resize=2048%2C1152&amp;ssl=1 2048w, https:\/\/i0.wp.com\/saint-remy-chevreuse-tt.fr\/wp-content\/uploads\/2022\/12\/20221112_140505-scaled.jpg?resize=2%2C1&amp;ssl=1 2w, https:\/\/i0.wp.com\/saint-remy-chevreuse-tt.fr\/wp-content\/uploads\/2022\/12\/20221112_140505-scaled.jpg?resize=700%2C394&amp;ssl=1 700w, https:\/\/i0.wp.com\/saint-remy-chevreuse-tt.fr\/wp-content\/uploads\/2022\/12\/20221112_140505-scaled.jpg?w=1308 1308w, https:\/\/i0.wp.com\/saint-remy-chevreuse-tt.fr\/wp-content\/uploads\/2022\/12\/20221112_140505-scaled.jpg?w=1962 1962w\" sizes=\"(max-width: 300px) 100vw, 300px\" data-attachment-id=\"2911\" data-permalink=\"https:\/\/saint-remy-chevreuse-tt.fr\/index.php\/2022\/12\/13\/fin-de-phase-saison-2022-2023\/20221112_140505\/#main\" data-orig-file=\"https:\/\/i0.wp.com\/saint-remy-chevreuse-tt.fr\/wp-content\/uploads\/2022\/12\/20221112_140505-scaled.jpg?fit=2560%2C1440&amp;ssl=1\" data-orig-size=\"2560,1440\" data-comments-opened=\"0\" data-image-meta=\"{&quot;aperture&quot;:&quot;2.4&quot;,&quot;credit&quot;:&quot;&quot;,&quot;camera&quot;:&quot;SM-G973F&quot;,&quot;caption&quot;:&quot;&quot;,&quot;created_timestamp&quot;:&quot;1668261905&quot;,&quot;copyright&quot;:&quot;&quot;,&quot;focal_length&quot;:&quot;4.32&quot;,&quot;iso&quot;:&quot;200&quot;,&quot;shutter_speed&quot;:&quot;0.02&quot;,&quot;title&quot;:&quot;&quot;,&quot;orientation&quot;:&quot;1&quot;}\" data-image-title=\"20221112_140505\" data-image-description=\"\" data-image-caption=\"\" data-medium-file=\"https:\/\/i0.wp.com\/saint-remy-chevreuse-tt.fr\/wp-content\/uploads\/2022\/12\/20221112_140505-scaled.jpg?fit=300%2C169&amp;ssl=1\" data-large-file=\"https:\/\/i0.wp.com\/saint-remy-chevreuse-tt.fr\/wp-content\/uploads\/2022\/12\/20221112_140505-scaled.jpg?fit=654%2C368&amp;ssl=1\" role=\"button\" \/>\t\t\t\t\t\t\t\t<\/a>\n\t\t\t\t\t\t\t\t\t\t\t<figcaption class=\"widget-image-caption wp-caption-text\">Equipe 1 : Charles, Andy, Th\u00e9o, Nassim<\/figcaption>\n\t\t\t\t\t\t\t\t\t\t<\/figure>\n\t\t\t\t\t\t\t<\/div>\n\t\t\t\t<\/div>\n\t\t\t\t\t<\/div>\n\t\t<\/div>\n\t\t\t\t<div class=\"elementor-column elementor-col-50 elementor-top-column elementor-element elementor-element-926b46e\" data-id=\"926b46e\" data-element_type=\"column\">\n\t\t\t<div class=\"elementor-widget-wrap elementor-element-populated\">\n\t\t\t\t\t\t<div class=\"elementor-element elementor-element-d5b5efc elementor-widget elementor-widget-image\" data-id=\"d5b5efc\" data-element_type=\"widget\" data-widget_type=\"image.default\">\n\t\t\t\t<div class=\"elementor-widget-container\">\n\t\t\t\t\t\t\t\t\t\t<figure class=\"wp-caption\">\n\t\t\t\t\t\t\t\t\t\t\t<a href=\"https:\/\/i0.wp.com\/saint-remy-chevreuse-tt.fr\/wp-content\/uploads\/2022\/12\/20221112_144524-scaled.jpg\" data-elementor-open-lightbox=\"yes\" data-elementor-lightbox-title=\"20221112_144524\" data-e-action-hash=\"#elementor-action%3Aaction%3Dlightbox%26settings%3DeyJpZCI6MjkxMiwidXJsIjoiaHR0cHM6XC9cL3NhaW50LXJlbXktY2hldnJldXNlLXR0LmZyXC93cC1jb250ZW50XC91cGxvYWRzXC8yMDIyXC8xMlwvMjAyMjExMTJfMTQ0NTI0LXNjYWxlZC5qcGcifQ%3D%3D\">\n\t\t\t\t\t\t\t<img decoding=\"async\" data-attachment-id=\"2912\" data-permalink=\"https:\/\/saint-remy-chevreuse-tt.fr\/index.php\/2022\/12\/13\/fin-de-phase-saison-2022-2023\/20221112_144524\/#main\" data-orig-file=\"https:\/\/i0.wp.com\/saint-remy-chevreuse-tt.fr\/wp-content\/uploads\/2022\/12\/20221112_144524-scaled.jpg?fit=2560%2C1440&amp;ssl=1\" data-orig-size=\"2560,1440\" data-comments-opened=\"0\" data-image-meta=\"{&quot;aperture&quot;:&quot;2.4&quot;,&quot;credit&quot;:&quot;&quot;,&quot;camera&quot;:&quot;SM-G973F&quot;,&quot;caption&quot;:&quot;&quot;,&quot;created_timestamp&quot;:&quot;1668264324&quot;,&quot;copyright&quot;:&quot;&quot;,&quot;focal_length&quot;:&quot;4.32&quot;,&quot;iso&quot;:&quot;160&quot;,&quot;shutter_speed&quot;:&quot;0.01&quot;,&quot;title&quot;:&quot;&quot;,&quot;orientation&quot;:&quot;1&quot;}\" data-image-title=\"20221112_144524\" data-image-description=\"\" data-image-caption=\"\" data-medium-file=\"https:\/\/i0.wp.com\/saint-remy-chevreuse-tt.fr\/wp-content\/uploads\/2022\/12\/20221112_144524-scaled.jpg?fit=300%2C169&amp;ssl=1\" data-large-file=\"https:\/\/i0.wp.com\/saint-remy-chevreuse-tt.fr\/wp-content\/uploads\/2022\/12\/20221112_144524-scaled.jpg?fit=654%2C368&amp;ssl=1\" tabindex=\"0\" role=\"button\" width=\"300\" height=\"169\" src=\"https:\/\/i0.wp.com\/saint-remy-chevreuse-tt.fr\/wp-content\/uploads\/2022\/12\/20221112_144524-scaled.jpg?fit=300%2C169&amp;ssl=1\" class=\"attachment-medium size-medium wp-image-2912\" alt=\"\" srcset=\"https:\/\/i0.wp.com\/saint-remy-chevreuse-tt.fr\/wp-content\/uploads\/2022\/12\/20221112_144524-scaled.jpg?w=2560&amp;ssl=1 2560w, https:\/\/i0.wp.com\/saint-remy-chevreuse-tt.fr\/wp-content\/uploads\/2022\/12\/20221112_144524-scaled.jpg?resize=300%2C169&amp;ssl=1 300w, https:\/\/i0.wp.com\/saint-remy-chevreuse-tt.fr\/wp-content\/uploads\/2022\/12\/20221112_144524-scaled.jpg?resize=1024%2C576&amp;ssl=1 1024w, https:\/\/i0.wp.com\/saint-remy-chevreuse-tt.fr\/wp-content\/uploads\/2022\/12\/20221112_144524-scaled.jpg?resize=768%2C432&amp;ssl=1 768w, https:\/\/i0.wp.com\/saint-remy-chevreuse-tt.fr\/wp-content\/uploads\/2022\/12\/20221112_144524-scaled.jpg?resize=1536%2C864&amp;ssl=1 1536w, https:\/\/i0.wp.com\/saint-remy-chevreuse-tt.fr\/wp-content\/uploads\/2022\/12\/20221112_144524-scaled.jpg?resize=2048%2C1152&amp;ssl=1 2048w, https:\/\/i0.wp.com\/saint-remy-chevreuse-tt.fr\/wp-content\/uploads\/2022\/12\/20221112_144524-scaled.jpg?resize=2%2C1&amp;ssl=1 2w, https:\/\/i0.wp.com\/saint-remy-chevreuse-tt.fr\/wp-content\/uploads\/2022\/12\/20221112_144524-scaled.jpg?resize=700%2C394&amp;ssl=1 700w, https:\/\/i0.wp.com\/saint-remy-chevreuse-tt.fr\/wp-content\/uploads\/2022\/12\/20221112_144524-scaled.jpg?w=1308 1308w, https:\/\/i0.wp.com\/saint-remy-chevreuse-tt.fr\/wp-content\/uploads\/2022\/12\/20221112_144524-scaled.jpg?w=1962 1962w\" sizes=\"(max-width: 300px) 100vw, 300px\" data-attachment-id=\"2912\" data-permalink=\"https:\/\/saint-remy-chevreuse-tt.fr\/index.php\/2022\/12\/13\/fin-de-phase-saison-2022-2023\/20221112_144524\/#main\" data-orig-file=\"https:\/\/i0.wp.com\/saint-remy-chevreuse-tt.fr\/wp-content\/uploads\/2022\/12\/20221112_144524-scaled.jpg?fit=2560%2C1440&amp;ssl=1\" data-orig-size=\"2560,1440\" data-comments-opened=\"0\" data-image-meta=\"{&quot;aperture&quot;:&quot;2.4&quot;,&quot;credit&quot;:&quot;&quot;,&quot;camera&quot;:&quot;SM-G973F&quot;,&quot;caption&quot;:&quot;&quot;,&quot;created_timestamp&quot;:&quot;1668264324&quot;,&quot;copyright&quot;:&quot;&quot;,&quot;focal_length&quot;:&quot;4.32&quot;,&quot;iso&quot;:&quot;160&quot;,&quot;shutter_speed&quot;:&quot;0.01&quot;,&quot;title&quot;:&quot;&quot;,&quot;orientation&quot;:&quot;1&quot;}\" data-image-title=\"20221112_144524\" data-image-description=\"\" data-image-caption=\"\" data-medium-file=\"https:\/\/i0.wp.com\/saint-remy-chevreuse-tt.fr\/wp-content\/uploads\/2022\/12\/20221112_144524-scaled.jpg?fit=300%2C169&amp;ssl=1\" data-large-file=\"https:\/\/i0.wp.com\/saint-remy-chevreuse-tt.fr\/wp-content\/uploads\/2022\/12\/20221112_144524-scaled.jpg?fit=654%2C368&amp;ssl=1\" role=\"button\" \/>\t\t\t\t\t\t\t\t<\/a>\n\t\t\t\t\t\t\t\t\t\t\t<figcaption class=\"widget-image-caption wp-caption-text\">Equipe 2 : Cyril, Cyril, Mathieu, Didier (et Thomas absent)<\/figcaption>\n\t\t\t\t\t\t\t\t\t\t<\/figure>\n\t\t\t\t\t\t\t<\/div>\n\t\t\t\t<\/div>\n\t\t\t\t\t<\/div>\n\t\t<\/div>\n\t\t\t\t\t<\/div>\n\t\t<\/section>\n\t\t\t\t<section class=\"elementor-section elementor-top-section elementor-element elementor-element-ae25a0f elementor-section-boxed elementor-section-height-default elementor-section-height-default\" data-id=\"ae25a0f\" data-element_type=\"section\">\n\t\t\t\t\t\t<div class=\"elementor-container elementor-column-gap-default\">\n\t\t\t\t\t<div class=\"elementor-column elementor-col-100 elementor-top-column elementor-element elementor-element-43ac034\" data-id=\"43ac034\" data-element_type=\"column\">\n\t\t\t<div class=\"elementor-widget-wrap elementor-element-populated\">\n\t\t\t\t\t\t<div class=\"elementor-element elementor-element-0c19ae6 elementor-widget elementor-widget-image\" data-id=\"0c19ae6\" data-element_type=\"widget\" data-widget_type=\"image.default\">\n\t\t\t\t<div class=\"elementor-widget-container\">\n\t\t\t\t\t\t\t\t\t\t<figure class=\"wp-caption\">\n\t\t\t\t\t\t\t\t\t\t\t<a href=\"https:\/\/i0.wp.com\/saint-remy-chevreuse-tt.fr\/wp-content\/uploads\/2022\/12\/IMG-20221214-WA0000.jpg\" data-elementor-open-lightbox=\"yes\" data-elementor-lightbox-title=\"IMG-20221214-WA0000\" data-e-action-hash=\"#elementor-action%3Aaction%3Dlightbox%26settings%3DeyJpZCI6MjkxNywidXJsIjoiaHR0cHM6XC9cL3NhaW50LXJlbXktY2hldnJldXNlLXR0LmZyXC93cC1jb250ZW50XC91cGxvYWRzXC8yMDIyXC8xMlwvSU1HLTIwMjIxMjE0LVdBMDAwMC5qcGcifQ%3D%3D\">\n\t\t\t\t\t\t\t<img decoding=\"async\" data-attachment-id=\"2917\" data-permalink=\"https:\/\/saint-remy-chevreuse-tt.fr\/index.php\/2022\/12\/13\/fin-de-phase-saison-2022-2023\/img-20221214-wa0000\/#main\" data-orig-file=\"https:\/\/i0.wp.com\/saint-remy-chevreuse-tt.fr\/wp-content\/uploads\/2022\/12\/IMG-20221214-WA0000.jpg?fit=1600%2C1200&amp;ssl=1\" data-orig-size=\"1600,1200\" data-comments-opened=\"0\" data-image-meta=\"{&quot;aperture&quot;:&quot;0&quot;,&quot;credit&quot;:&quot;&quot;,&quot;camera&quot;:&quot;&quot;,&quot;caption&quot;:&quot;&quot;,&quot;created_timestamp&quot;:&quot;0&quot;,&quot;copyright&quot;:&quot;&quot;,&quot;focal_length&quot;:&quot;0&quot;,&quot;iso&quot;:&quot;0&quot;,&quot;shutter_speed&quot;:&quot;0&quot;,&quot;title&quot;:&quot;&quot;,&quot;orientation&quot;:&quot;0&quot;}\" data-image-title=\"IMG-20221214-WA0000\" data-image-description=\"\" data-image-caption=\"\" data-medium-file=\"https:\/\/i0.wp.com\/saint-remy-chevreuse-tt.fr\/wp-content\/uploads\/2022\/12\/IMG-20221214-WA0000.jpg?fit=300%2C225&amp;ssl=1\" data-large-file=\"https:\/\/i0.wp.com\/saint-remy-chevreuse-tt.fr\/wp-content\/uploads\/2022\/12\/IMG-20221214-WA0000.jpg?fit=654%2C491&amp;ssl=1\" tabindex=\"0\" role=\"button\" width=\"300\" height=\"225\" src=\"https:\/\/i0.wp.com\/saint-remy-chevreuse-tt.fr\/wp-content\/uploads\/2022\/12\/IMG-20221214-WA0000.jpg?fit=300%2C225&amp;ssl=1\" class=\"attachment-medium size-medium wp-image-2917\" alt=\"\" srcset=\"https:\/\/i0.wp.com\/saint-remy-chevreuse-tt.fr\/wp-content\/uploads\/2022\/12\/IMG-20221214-WA0000.jpg?w=1600&amp;ssl=1 1600w, https:\/\/i0.wp.com\/saint-remy-chevreuse-tt.fr\/wp-content\/uploads\/2022\/12\/IMG-20221214-WA0000.jpg?resize=300%2C225&amp;ssl=1 300w, https:\/\/i0.wp.com\/saint-remy-chevreuse-tt.fr\/wp-content\/uploads\/2022\/12\/IMG-20221214-WA0000.jpg?resize=1024%2C768&amp;ssl=1 1024w, https:\/\/i0.wp.com\/saint-remy-chevreuse-tt.fr\/wp-content\/uploads\/2022\/12\/IMG-20221214-WA0000.jpg?resize=768%2C576&amp;ssl=1 768w, https:\/\/i0.wp.com\/saint-remy-chevreuse-tt.fr\/wp-content\/uploads\/2022\/12\/IMG-20221214-WA0000.jpg?resize=1536%2C1152&amp;ssl=1 1536w, https:\/\/i0.wp.com\/saint-remy-chevreuse-tt.fr\/wp-content\/uploads\/2022\/12\/IMG-20221214-WA0000.jpg?resize=1%2C1&amp;ssl=1 1w, https:\/\/i0.wp.com\/saint-remy-chevreuse-tt.fr\/wp-content\/uploads\/2022\/12\/IMG-20221214-WA0000.jpg?w=1308 1308w\" sizes=\"(max-width: 300px) 100vw, 300px\" data-attachment-id=\"2917\" data-permalink=\"https:\/\/saint-remy-chevreuse-tt.fr\/index.php\/2022\/12\/13\/fin-de-phase-saison-2022-2023\/img-20221214-wa0000\/#main\" data-orig-file=\"https:\/\/i0.wp.com\/saint-remy-chevreuse-tt.fr\/wp-content\/uploads\/2022\/12\/IMG-20221214-WA0000.jpg?fit=1600%2C1200&amp;ssl=1\" data-orig-size=\"1600,1200\" data-comments-opened=\"0\" data-image-meta=\"{&quot;aperture&quot;:&quot;0&quot;,&quot;credit&quot;:&quot;&quot;,&quot;camera&quot;:&quot;&quot;,&quot;caption&quot;:&quot;&quot;,&quot;created_timestamp&quot;:&quot;0&quot;,&quot;copyright&quot;:&quot;&quot;,&quot;focal_length&quot;:&quot;0&quot;,&quot;iso&quot;:&quot;0&quot;,&quot;shutter_speed&quot;:&quot;0&quot;,&quot;title&quot;:&quot;&quot;,&quot;orientation&quot;:&quot;0&quot;}\" data-image-title=\"IMG-20221214-WA0000\" data-image-description=\"\" data-image-caption=\"\" data-medium-file=\"https:\/\/i0.wp.com\/saint-remy-chevreuse-tt.fr\/wp-content\/uploads\/2022\/12\/IMG-20221214-WA0000.jpg?fit=300%2C225&amp;ssl=1\" data-large-file=\"https:\/\/i0.wp.com\/saint-remy-chevreuse-tt.fr\/wp-content\/uploads\/2022\/12\/IMG-20221214-WA0000.jpg?fit=654%2C491&amp;ssl=1\" role=\"button\" \/>\t\t\t\t\t\t\t\t<\/a>\n\t\t\t\t\t\t\t\t\t\t\t<figcaption class=\"widget-image-caption wp-caption-text\">Equipe 7 \"Padawan\" : Valentin, Romain, Baptiste, Mathias<\/figcaption>\n\t\t\t\t\t\t\t\t\t\t<\/figure>\n\t\t\t\t\t\t\t<\/div>\n\t\t\t\t<\/div>\n\t\t\t\t\t<\/div>\n\t\t<\/div>\n\t\t\t\t\t<\/div>\n\t\t<\/section>\n\t\t\t\t<section class=\"elementor-section elementor-top-section elementor-element elementor-element-7041204 elementor-section-boxed elementor-section-height-default elementor-section-height-default\" data-id=\"7041204\" data-element_type=\"section\">\n\t\t\t\t\t\t<div class=\"elementor-container elementor-column-gap-default\">\n\t\t\t\t\t<div class=\"elementor-column elementor-col-50 elementor-top-column elementor-element elementor-element-55c8268\" data-id=\"55c8268\" data-element_type=\"column\">\n\t\t\t<div class=\"elementor-widget-wrap elementor-element-populated\">\n\t\t\t\t\t\t<div class=\"elementor-element elementor-element-5365ca7 elementor-widget elementor-widget-image\" data-id=\"5365ca7\" data-element_type=\"widget\" data-widget_type=\"image.default\">\n\t\t\t\t<div class=\"elementor-widget-container\">\n\t\t\t\t\t\t\t\t\t\t<figure class=\"wp-caption\">\n\t\t\t\t\t\t\t\t\t\t\t<a href=\"https:\/\/i0.wp.com\/saint-remy-chevreuse-tt.fr\/wp-content\/uploads\/2022\/12\/R\u00e9sultats-Eq1-4-2022-23-Ph1-scaled.jpg\" data-elementor-open-lightbox=\"yes\" data-elementor-lightbox-title=\"R\u00e9sultats Eq1-4 2022-23 Ph1\" data-e-action-hash=\"#elementor-action%3Aaction%3Dlightbox%26settings%3DeyJpZCI6MjkxMywidXJsIjoiaHR0cHM6XC9cL3NhaW50LXJlbXktY2hldnJldXNlLXR0LmZyXC93cC1jb250ZW50XC91cGxvYWRzXC8yMDIyXC8xMlwvUlx1MDBlOXN1bHRhdHMtRXExLTQtMjAyMi0yMy1QaDEtc2NhbGVkLmpwZyJ9\">\n\t\t\t\t\t\t\t<img loading=\"lazy\" decoding=\"async\" data-attachment-id=\"2913\" data-permalink=\"https:\/\/saint-remy-chevreuse-tt.fr\/index.php\/2022\/12\/13\/fin-de-phase-saison-2022-2023\/resultats-eq1-4-2022-23-ph1\/#main\" data-orig-file=\"https:\/\/i0.wp.com\/saint-remy-chevreuse-tt.fr\/wp-content\/uploads\/2022\/12\/R\u00e9sultats-Eq1-4-2022-23-Ph1-scaled.jpg?fit=2560%2C1007&amp;ssl=1\" data-orig-size=\"2560,1007\" data-comments-opened=\"0\" data-image-meta=\"{&quot;aperture&quot;:&quot;0&quot;,&quot;credit&quot;:&quot;Marc&quot;,&quot;camera&quot;:&quot;&quot;,&quot;caption&quot;:&quot;&quot;,&quot;created_timestamp&quot;:&quot;1670850713&quot;,&quot;copyright&quot;:&quot;&quot;,&quot;focal_length&quot;:&quot;0&quot;,&quot;iso&quot;:&quot;0&quot;,&quot;shutter_speed&quot;:&quot;0&quot;,&quot;title&quot;:&quot;&quot;,&quot;orientation&quot;:&quot;0&quot;}\" data-image-title=\"R\u00e9sultats Eq1-4 2022-23 Ph1\" data-image-description=\"\" data-image-caption=\"\" data-medium-file=\"https:\/\/i0.wp.com\/saint-remy-chevreuse-tt.fr\/wp-content\/uploads\/2022\/12\/R\u00e9sultats-Eq1-4-2022-23-Ph1-scaled.jpg?fit=300%2C118&amp;ssl=1\" data-large-file=\"https:\/\/i0.wp.com\/saint-remy-chevreuse-tt.fr\/wp-content\/uploads\/2022\/12\/R\u00e9sultats-Eq1-4-2022-23-Ph1-scaled.jpg?fit=654%2C257&amp;ssl=1\" tabindex=\"0\" role=\"button\" width=\"654\" height=\"257\" src=\"https:\/\/i0.wp.com\/saint-remy-chevreuse-tt.fr\/wp-content\/uploads\/2022\/12\/R\u00e9sultats-Eq1-4-2022-23-Ph1-scaled.jpg?fit=654%2C257&amp;ssl=1\" class=\"attachment-large size-large wp-image-2913\" alt=\"\" srcset=\"https:\/\/i0.wp.com\/saint-remy-chevreuse-tt.fr\/wp-content\/uploads\/2022\/12\/R\u00e9sultats-Eq1-4-2022-23-Ph1-scaled.jpg?w=2560&amp;ssl=1 2560w, https:\/\/i0.wp.com\/saint-remy-chevreuse-tt.fr\/wp-content\/uploads\/2022\/12\/R\u00e9sultats-Eq1-4-2022-23-Ph1-scaled.jpg?resize=300%2C118&amp;ssl=1 300w, https:\/\/i0.wp.com\/saint-remy-chevreuse-tt.fr\/wp-content\/uploads\/2022\/12\/R\u00e9sultats-Eq1-4-2022-23-Ph1-scaled.jpg?resize=1024%2C403&amp;ssl=1 1024w, https:\/\/i0.wp.com\/saint-remy-chevreuse-tt.fr\/wp-content\/uploads\/2022\/12\/R\u00e9sultats-Eq1-4-2022-23-Ph1-scaled.jpg?resize=768%2C302&amp;ssl=1 768w, https:\/\/i0.wp.com\/saint-remy-chevreuse-tt.fr\/wp-content\/uploads\/2022\/12\/R\u00e9sultats-Eq1-4-2022-23-Ph1-scaled.jpg?resize=1536%2C604&amp;ssl=1 1536w, https:\/\/i0.wp.com\/saint-remy-chevreuse-tt.fr\/wp-content\/uploads\/2022\/12\/R\u00e9sultats-Eq1-4-2022-23-Ph1-scaled.jpg?resize=2048%2C805&amp;ssl=1 2048w, https:\/\/i0.wp.com\/saint-remy-chevreuse-tt.fr\/wp-content\/uploads\/2022\/12\/R\u00e9sultats-Eq1-4-2022-23-Ph1-scaled.jpg?resize=3%2C1&amp;ssl=1 3w, https:\/\/i0.wp.com\/saint-remy-chevreuse-tt.fr\/wp-content\/uploads\/2022\/12\/R\u00e9sultats-Eq1-4-2022-23-Ph1-scaled.jpg?w=1308 1308w, https:\/\/i0.wp.com\/saint-remy-chevreuse-tt.fr\/wp-content\/uploads\/2022\/12\/R\u00e9sultats-Eq1-4-2022-23-Ph1-scaled.jpg?w=1962 1962w\" sizes=\"(max-width: 654px) 100vw, 654px\" data-attachment-id=\"2913\" data-permalink=\"https:\/\/saint-remy-chevreuse-tt.fr\/index.php\/2022\/12\/13\/fin-de-phase-saison-2022-2023\/resultats-eq1-4-2022-23-ph1\/#main\" data-orig-file=\"https:\/\/i0.wp.com\/saint-remy-chevreuse-tt.fr\/wp-content\/uploads\/2022\/12\/R\u00e9sultats-Eq1-4-2022-23-Ph1-scaled.jpg?fit=2560%2C1007&amp;ssl=1\" data-orig-size=\"2560,1007\" data-comments-opened=\"0\" data-image-meta=\"{&quot;aperture&quot;:&quot;0&quot;,&quot;credit&quot;:&quot;Marc&quot;,&quot;camera&quot;:&quot;&quot;,&quot;caption&quot;:&quot;&quot;,&quot;created_timestamp&quot;:&quot;1670850713&quot;,&quot;copyright&quot;:&quot;&quot;,&quot;focal_length&quot;:&quot;0&quot;,&quot;iso&quot;:&quot;0&quot;,&quot;shutter_speed&quot;:&quot;0&quot;,&quot;title&quot;:&quot;&quot;,&quot;orientation&quot;:&quot;0&quot;}\" data-image-title=\"R\u00e9sultats Eq1-4 2022-23 Ph1\" data-image-description=\"\" data-image-caption=\"\" data-medium-file=\"https:\/\/i0.wp.com\/saint-remy-chevreuse-tt.fr\/wp-content\/uploads\/2022\/12\/R\u00e9sultats-Eq1-4-2022-23-Ph1-scaled.jpg?fit=300%2C118&amp;ssl=1\" data-large-file=\"https:\/\/i0.wp.com\/saint-remy-chevreuse-tt.fr\/wp-content\/uploads\/2022\/12\/R\u00e9sultats-Eq1-4-2022-23-Ph1-scaled.jpg?fit=654%2C257&amp;ssl=1\" role=\"button\" \/>\t\t\t\t\t\t\t\t<\/a>\n\t\t\t\t\t\t\t\t\t\t\t<figcaption class=\"widget-image-caption wp-caption-text\">R\u00e9sultats Equipes 1 \u00e0 4, Phase 1 2022-23<\/figcaption>\n\t\t\t\t\t\t\t\t\t\t<\/figure>\n\t\t\t\t\t\t\t<\/div>\n\t\t\t\t<\/div>\n\t\t\t\t\t<\/div>\n\t\t<\/div>\n\t\t\t\t<div class=\"elementor-column elementor-col-50 elementor-top-column elementor-element elementor-element-5abf3f3\" data-id=\"5abf3f3\" data-element_type=\"column\">\n\t\t\t<div class=\"elementor-widget-wrap elementor-element-populated\">\n\t\t\t\t\t\t<div class=\"elementor-element elementor-element-f41cd21 elementor-widget elementor-widget-image\" data-id=\"f41cd21\" data-element_type=\"widget\" data-widget_type=\"image.default\">\n\t\t\t\t<div class=\"elementor-widget-container\">\n\t\t\t\t\t\t\t\t\t\t<figure class=\"wp-caption\">\n\t\t\t\t\t\t\t\t\t\t\t<a href=\"https:\/\/i0.wp.com\/saint-remy-chevreuse-tt.fr\/wp-content\/uploads\/2022\/12\/R\u00e9sultats-Eq5-7-2022-23-Ph1-scaled.jpg\" data-elementor-open-lightbox=\"yes\" data-elementor-lightbox-title=\"R\u00e9sultats Eq5-7 2022-23 Ph1\" data-e-action-hash=\"#elementor-action%3Aaction%3Dlightbox%26settings%3DeyJpZCI6MjkxNCwidXJsIjoiaHR0cHM6XC9cL3NhaW50LXJlbXktY2hldnJldXNlLXR0LmZyXC93cC1jb250ZW50XC91cGxvYWRzXC8yMDIyXC8xMlwvUlx1MDBlOXN1bHRhdHMtRXE1LTctMjAyMi0yMy1QaDEtc2NhbGVkLmpwZyJ9\">\n\t\t\t\t\t\t\t<img loading=\"lazy\" decoding=\"async\" data-attachment-id=\"2914\" data-permalink=\"https:\/\/saint-remy-chevreuse-tt.fr\/index.php\/2022\/12\/13\/fin-de-phase-saison-2022-2023\/resultats-eq5-7-2022-23-ph1\/#main\" data-orig-file=\"https:\/\/i0.wp.com\/saint-remy-chevreuse-tt.fr\/wp-content\/uploads\/2022\/12\/R\u00e9sultats-Eq5-7-2022-23-Ph1-scaled.jpg?fit=2560%2C1133&amp;ssl=1\" data-orig-size=\"2560,1133\" data-comments-opened=\"0\" data-image-meta=\"{&quot;aperture&quot;:&quot;0&quot;,&quot;credit&quot;:&quot;Marc&quot;,&quot;camera&quot;:&quot;&quot;,&quot;caption&quot;:&quot;&quot;,&quot;created_timestamp&quot;:&quot;1670850805&quot;,&quot;copyright&quot;:&quot;&quot;,&quot;focal_length&quot;:&quot;0&quot;,&quot;iso&quot;:&quot;0&quot;,&quot;shutter_speed&quot;:&quot;0&quot;,&quot;title&quot;:&quot;&quot;,&quot;orientation&quot;:&quot;0&quot;}\" data-image-title=\"R\u00e9sultats Eq5-7 2022-23 Ph1\" data-image-description=\"\" data-image-caption=\"\" data-medium-file=\"https:\/\/i0.wp.com\/saint-remy-chevreuse-tt.fr\/wp-content\/uploads\/2022\/12\/R\u00e9sultats-Eq5-7-2022-23-Ph1-scaled.jpg?fit=300%2C133&amp;ssl=1\" data-large-file=\"https:\/\/i0.wp.com\/saint-remy-chevreuse-tt.fr\/wp-content\/uploads\/2022\/12\/R\u00e9sultats-Eq5-7-2022-23-Ph1-scaled.jpg?fit=654%2C289&amp;ssl=1\" tabindex=\"0\" role=\"button\" width=\"654\" height=\"289\" src=\"https:\/\/i0.wp.com\/saint-remy-chevreuse-tt.fr\/wp-content\/uploads\/2022\/12\/R\u00e9sultats-Eq5-7-2022-23-Ph1-scaled.jpg?fit=654%2C289&amp;ssl=1\" class=\"attachment-large size-large wp-image-2914\" alt=\"\" srcset=\"https:\/\/i0.wp.com\/saint-remy-chevreuse-tt.fr\/wp-content\/uploads\/2022\/12\/R\u00e9sultats-Eq5-7-2022-23-Ph1-scaled.jpg?w=2560&amp;ssl=1 2560w, https:\/\/i0.wp.com\/saint-remy-chevreuse-tt.fr\/wp-content\/uploads\/2022\/12\/R\u00e9sultats-Eq5-7-2022-23-Ph1-scaled.jpg?resize=300%2C133&amp;ssl=1 300w, https:\/\/i0.wp.com\/saint-remy-chevreuse-tt.fr\/wp-content\/uploads\/2022\/12\/R\u00e9sultats-Eq5-7-2022-23-Ph1-scaled.jpg?resize=1024%2C453&amp;ssl=1 1024w, https:\/\/i0.wp.com\/saint-remy-chevreuse-tt.fr\/wp-content\/uploads\/2022\/12\/R\u00e9sultats-Eq5-7-2022-23-Ph1-scaled.jpg?resize=768%2C340&amp;ssl=1 768w, https:\/\/i0.wp.com\/saint-remy-chevreuse-tt.fr\/wp-content\/uploads\/2022\/12\/R\u00e9sultats-Eq5-7-2022-23-Ph1-scaled.jpg?resize=1536%2C680&amp;ssl=1 1536w, https:\/\/i0.wp.com\/saint-remy-chevreuse-tt.fr\/wp-content\/uploads\/2022\/12\/R\u00e9sultats-Eq5-7-2022-23-Ph1-scaled.jpg?resize=2048%2C907&amp;ssl=1 2048w, https:\/\/i0.wp.com\/saint-remy-chevreuse-tt.fr\/wp-content\/uploads\/2022\/12\/R\u00e9sultats-Eq5-7-2022-23-Ph1-scaled.jpg?resize=2%2C1&amp;ssl=1 2w, https:\/\/i0.wp.com\/saint-remy-chevreuse-tt.fr\/wp-content\/uploads\/2022\/12\/R\u00e9sultats-Eq5-7-2022-23-Ph1-scaled.jpg?w=1308 1308w, https:\/\/i0.wp.com\/saint-remy-chevreuse-tt.fr\/wp-content\/uploads\/2022\/12\/R\u00e9sultats-Eq5-7-2022-23-Ph1-scaled.jpg?w=1962 1962w\" sizes=\"(max-width: 654px) 100vw, 654px\" data-attachment-id=\"2914\" data-permalink=\"https:\/\/saint-remy-chevreuse-tt.fr\/index.php\/2022\/12\/13\/fin-de-phase-saison-2022-2023\/resultats-eq5-7-2022-23-ph1\/#main\" data-orig-file=\"https:\/\/i0.wp.com\/saint-remy-chevreuse-tt.fr\/wp-content\/uploads\/2022\/12\/R\u00e9sultats-Eq5-7-2022-23-Ph1-scaled.jpg?fit=2560%2C1133&amp;ssl=1\" data-orig-size=\"2560,1133\" data-comments-opened=\"0\" data-image-meta=\"{&quot;aperture&quot;:&quot;0&quot;,&quot;credit&quot;:&quot;Marc&quot;,&quot;camera&quot;:&quot;&quot;,&quot;caption&quot;:&quot;&quot;,&quot;created_timestamp&quot;:&quot;1670850805&quot;,&quot;copyright&quot;:&quot;&quot;,&quot;focal_length&quot;:&quot;0&quot;,&quot;iso&quot;:&quot;0&quot;,&quot;shutter_speed&quot;:&quot;0&quot;,&quot;title&quot;:&quot;&quot;,&quot;orientation&quot;:&quot;0&quot;}\" data-image-title=\"R\u00e9sultats Eq5-7 2022-23 Ph1\" data-image-description=\"\" data-image-caption=\"\" data-medium-file=\"https:\/\/i0.wp.com\/saint-remy-chevreuse-tt.fr\/wp-content\/uploads\/2022\/12\/R\u00e9sultats-Eq5-7-2022-23-Ph1-scaled.jpg?fit=300%2C133&amp;ssl=1\" data-large-file=\"https:\/\/i0.wp.com\/saint-remy-chevreuse-tt.fr\/wp-content\/uploads\/2022\/12\/R\u00e9sultats-Eq5-7-2022-23-Ph1-scaled.jpg?fit=654%2C289&amp;ssl=1\" role=\"button\" \/>\t\t\t\t\t\t\t\t<\/a>\n\t\t\t\t\t\t\t\t\t\t\t<figcaption class=\"widget-image-caption wp-caption-text\">R\u00e9sultats Equipes 5 \u00e0 7, Phase 1 2022-23<\/figcaption>\n\t\t\t\t\t\t\t\t\t\t<\/figure>\n\t\t\t\t\t\t\t<\/div>\n\t\t\t\t<\/div>\n\t\t\t\t\t<\/div>\n\t\t<\/div>\n\t\t\t\t\t<\/div>\n\t\t<\/section>\n\t\t\t\t<section class=\"elementor-section elementor-top-section elementor-element elementor-element-21e604d elementor-section-boxed elementor-section-height-default elementor-section-height-default\" data-id=\"21e604d\" data-element_type=\"section\">\n\t\t\t\t\t\t<div class=\"elementor-container elementor-column-gap-default\">\n\t\t\t\t\t<div class=\"elementor-column elementor-col-100 elementor-top-column elementor-element elementor-element-0ea998e\" data-id=\"0ea998e\" data-element_type=\"column\">\n\t\t\t<div class=\"elementor-widget-wrap elementor-element-populated\">\n\t\t\t\t\t\t<div class=\"elementor-element elementor-element-11a9b1b elementor-widget elementor-widget-image\" data-id=\"11a9b1b\" data-element_type=\"widget\" data-widget_type=\"image.default\">\n\t\t\t\t<div class=\"elementor-widget-container\">\n\t\t\t\t\t\t\t\t\t\t<figure class=\"wp-caption\">\n\t\t\t\t\t\t\t\t\t\t\t<a href=\"https:\/\/i0.wp.com\/saint-remy-chevreuse-tt.fr\/wp-content\/uploads\/2022\/12\/R\u00e9sultats-Jeunes-2022-23-Ph1-scaled.jpg\" data-elementor-open-lightbox=\"yes\" data-elementor-lightbox-title=\"R\u00e9sultats Jeunes 2022-23 Ph1\" data-e-action-hash=\"#elementor-action%3Aaction%3Dlightbox%26settings%3DeyJpZCI6MjkxNSwidXJsIjoiaHR0cHM6XC9cL3NhaW50LXJlbXktY2hldnJldXNlLXR0LmZyXC93cC1jb250ZW50XC91cGxvYWRzXC8yMDIyXC8xMlwvUlx1MDBlOXN1bHRhdHMtSmV1bmVzLTIwMjItMjMtUGgxLXNjYWxlZC5qcGcifQ%3D%3D\">\n\t\t\t\t\t\t\t<img loading=\"lazy\" decoding=\"async\" data-attachment-id=\"2915\" data-permalink=\"https:\/\/saint-remy-chevreuse-tt.fr\/index.php\/2022\/12\/13\/fin-de-phase-saison-2022-2023\/resultats-jeunes-2022-23-ph1\/#main\" data-orig-file=\"https:\/\/i0.wp.com\/saint-remy-chevreuse-tt.fr\/wp-content\/uploads\/2022\/12\/R\u00e9sultats-Jeunes-2022-23-Ph1-scaled.jpg?fit=2560%2C470&amp;ssl=1\" data-orig-size=\"2560,470\" data-comments-opened=\"0\" data-image-meta=\"{&quot;aperture&quot;:&quot;0&quot;,&quot;credit&quot;:&quot;Marc&quot;,&quot;camera&quot;:&quot;&quot;,&quot;caption&quot;:&quot;&quot;,&quot;created_timestamp&quot;:&quot;1670850895&quot;,&quot;copyright&quot;:&quot;&quot;,&quot;focal_length&quot;:&quot;0&quot;,&quot;iso&quot;:&quot;0&quot;,&quot;shutter_speed&quot;:&quot;0&quot;,&quot;title&quot;:&quot;&quot;,&quot;orientation&quot;:&quot;0&quot;}\" data-image-title=\"R\u00e9sultats Jeunes 2022-23 Ph1\" data-image-description=\"\" data-image-caption=\"\" data-medium-file=\"https:\/\/i0.wp.com\/saint-remy-chevreuse-tt.fr\/wp-content\/uploads\/2022\/12\/R\u00e9sultats-Jeunes-2022-23-Ph1-scaled.jpg?fit=300%2C55&amp;ssl=1\" data-large-file=\"https:\/\/i0.wp.com\/saint-remy-chevreuse-tt.fr\/wp-content\/uploads\/2022\/12\/R\u00e9sultats-Jeunes-2022-23-Ph1-scaled.jpg?fit=654%2C120&amp;ssl=1\" tabindex=\"0\" role=\"button\" width=\"654\" height=\"120\" src=\"https:\/\/i0.wp.com\/saint-remy-chevreuse-tt.fr\/wp-content\/uploads\/2022\/12\/R\u00e9sultats-Jeunes-2022-23-Ph1-scaled.jpg?fit=654%2C120&amp;ssl=1\" class=\"attachment-large size-large wp-image-2915\" alt=\"\" srcset=\"https:\/\/i0.wp.com\/saint-remy-chevreuse-tt.fr\/wp-content\/uploads\/2022\/12\/R\u00e9sultats-Jeunes-2022-23-Ph1-scaled.jpg?w=2560&amp;ssl=1 2560w, https:\/\/i0.wp.com\/saint-remy-chevreuse-tt.fr\/wp-content\/uploads\/2022\/12\/R\u00e9sultats-Jeunes-2022-23-Ph1-scaled.jpg?resize=300%2C55&amp;ssl=1 300w, https:\/\/i0.wp.com\/saint-remy-chevreuse-tt.fr\/wp-content\/uploads\/2022\/12\/R\u00e9sultats-Jeunes-2022-23-Ph1-scaled.jpg?resize=1024%2C188&amp;ssl=1 1024w, https:\/\/i0.wp.com\/saint-remy-chevreuse-tt.fr\/wp-content\/uploads\/2022\/12\/R\u00e9sultats-Jeunes-2022-23-Ph1-scaled.jpg?resize=768%2C141&amp;ssl=1 768w, https:\/\/i0.wp.com\/saint-remy-chevreuse-tt.fr\/wp-content\/uploads\/2022\/12\/R\u00e9sultats-Jeunes-2022-23-Ph1-scaled.jpg?resize=1536%2C282&amp;ssl=1 1536w, https:\/\/i0.wp.com\/saint-remy-chevreuse-tt.fr\/wp-content\/uploads\/2022\/12\/R\u00e9sultats-Jeunes-2022-23-Ph1-scaled.jpg?resize=2048%2C376&amp;ssl=1 2048w, https:\/\/i0.wp.com\/saint-remy-chevreuse-tt.fr\/wp-content\/uploads\/2022\/12\/R\u00e9sultats-Jeunes-2022-23-Ph1-scaled.jpg?resize=5%2C1&amp;ssl=1 5w, https:\/\/i0.wp.com\/saint-remy-chevreuse-tt.fr\/wp-content\/uploads\/2022\/12\/R\u00e9sultats-Jeunes-2022-23-Ph1-scaled.jpg?w=1308 1308w, https:\/\/i0.wp.com\/saint-remy-chevreuse-tt.fr\/wp-content\/uploads\/2022\/12\/R\u00e9sultats-Jeunes-2022-23-Ph1-scaled.jpg?w=1962 1962w\" sizes=\"(max-width: 654px) 100vw, 654px\" data-attachment-id=\"2915\" data-permalink=\"https:\/\/saint-remy-chevreuse-tt.fr\/index.php\/2022\/12\/13\/fin-de-phase-saison-2022-2023\/resultats-jeunes-2022-23-ph1\/#main\" data-orig-file=\"https:\/\/i0.wp.com\/saint-remy-chevreuse-tt.fr\/wp-content\/uploads\/2022\/12\/R\u00e9sultats-Jeunes-2022-23-Ph1-scaled.jpg?fit=2560%2C470&amp;ssl=1\" data-orig-size=\"2560,470\" data-comments-opened=\"0\" data-image-meta=\"{&quot;aperture&quot;:&quot;0&quot;,&quot;credit&quot;:&quot;Marc&quot;,&quot;camera&quot;:&quot;&quot;,&quot;caption&quot;:&quot;&quot;,&quot;created_timestamp&quot;:&quot;1670850895&quot;,&quot;copyright&quot;:&quot;&quot;,&quot;focal_length&quot;:&quot;0&quot;,&quot;iso&quot;:&quot;0&quot;,&quot;shutter_speed&quot;:&quot;0&quot;,&quot;title&quot;:&quot;&quot;,&quot;orientation&quot;:&quot;0&quot;}\" data-image-title=\"R\u00e9sultats Jeunes 2022-23 Ph1\" data-image-description=\"\" data-image-caption=\"\" data-medium-file=\"https:\/\/i0.wp.com\/saint-remy-chevreuse-tt.fr\/wp-content\/uploads\/2022\/12\/R\u00e9sultats-Jeunes-2022-23-Ph1-scaled.jpg?fit=300%2C55&amp;ssl=1\" data-large-file=\"https:\/\/i0.wp.com\/saint-remy-chevreuse-tt.fr\/wp-content\/uploads\/2022\/12\/R\u00e9sultats-Jeunes-2022-23-Ph1-scaled.jpg?fit=654%2C120&amp;ssl=1\" role=\"button\" \/>\t\t\t\t\t\t\t\t<\/a>\n\t\t\t\t\t\t\t\t\t\t\t<figcaption class=\"widget-image-caption wp-caption-text\">R\u00e9sultats Equipes Jeunes Phase 1 2022-23<\/figcaption>\n\t\t\t\t\t\t\t\t\t\t<\/figure>\n\t\t\t\t\t\t\t<\/div>\n\t\t\t\t<\/div>\n\t\t\t\t\t<\/div>\n\t\t<\/div>\n\t\t\t\t\t<\/div>\n\t\t<\/section>\n\t\t\t\t<\/div>\n\t\t","protected":false},"excerpt":{"rendered":"<p>La phase 1 de cette saison 2022-2023 vient de s&rsquo;achever, l&rsquo;occasion de vous livrer quelques r\u00e9sultats et informations en vrac : Chez les adultes\u00a0: 1)\u00a0\u00a0\u00a0\u00a0\u00a0\u00a0Nous r\u00e9it\u00e9rons l\u2019exploit de 2018 avec\u00a03 mont\u00e9es en division sup\u00e9rieure. R\u00e9gionale 1, et 2 D\u00e9partementale 1. Cette magnifique r\u00e9ussite a \u00e9t\u00e9 permise\u00a0gr\u00e2ce \u00e0 vous les comp\u00e9titeurs qui vous \u00eates rendus disponibles [&hellip;]<\/p>\n","protected":false},"author":1,"featured_media":0,"comment_status":"closed","ping_status":"closed","sticky":false,"template":"","format":"standard","meta":{"_jetpack_memberships_contains_paid_content":false,"footnotes":"","jetpack_publicize_message":"","jetpack_publicize_feature_enabled":true,"jetpack_social_post_already_shared":true,"jetpack_social_options":{"image_generator_settings":{"template":"highway","enabled":false},"version":2}},"categories":[37],"tags":[],"class_list":["post-2910","post","type-post","status-publish","format-standard","hentry","category-article"],"jetpack_publicize_connections":[],"aioseo_notices":[],"jetpack_featured_media_url":"","jetpack_sharing_enabled":true,"jetpack_shortlink":"https:\/\/wp.me\/p9Eq5I-KW","jetpack_likes_enabled":false,"jetpack-related-posts":[],"post_mailing_queue_ids":[],"_links":{"self":[{"href":"https:\/\/saint-remy-chevreuse-tt.fr\/index.php\/wp-json\/wp\/v2\/posts\/2910"}],"collection":[{"href":"https:\/\/saint-remy-chevreuse-tt.fr\/index.php\/wp-json\/wp\/v2\/posts"}],"about":[{"href":"https:\/\/saint-remy-chevreuse-tt.fr\/index.php\/wp-json\/wp\/v2\/types\/post"}],"author":[{"embeddable":true,"href":"https:\/\/saint-remy-chevreuse-tt.fr\/index.php\/wp-json\/wp\/v2\/users\/1"}],"replies":[{"embeddable":true,"href":"https:\/\/saint-remy-chevreuse-tt.fr\/index.php\/wp-json\/wp\/v2\/comments?post=2910"}],"version-history":[{"count":2,"href":"https:\/\/saint-remy-chevreuse-tt.fr\/index.php\/wp-json\/wp\/v2\/posts\/2910\/revisions"}],"predecessor-version":[{"id":2918,"href":"https:\/\/saint-remy-chevreuse-tt.fr\/index.php\/wp-json\/wp\/v2\/posts\/2910\/revisions\/2918"}],"wp:attachment":[{"href":"https:\/\/saint-remy-chevreuse-tt.fr\/index.php\/wp-json\/wp\/v2\/media?parent=2910"}],"wp:term":[{"taxonomy":"category","embeddable":true,"href":"https:\/\/saint-remy-chevreuse-tt.fr\/index.php\/wp-json\/wp\/v2\/categories?post=2910"},{"taxonomy":"post_tag","embeddable":true,"href":"https:\/\/saint-remy-chevreuse-tt.fr\/index.php\/wp-json\/wp\/v2\/tags?post=2910"}],"curies":[{"name":"wp","href":"https:\/\/api.w.org\/{rel}","templated":true}]}}