{"id":2965,"date":"2023-04-10T23:45:35","date_gmt":"2023-04-10T21:45:35","guid":{"rendered":"http:\/\/saint-remy-chevreuse-tt.fr\/?p=2965"},"modified":"2024-03-25T16:44:12","modified_gmt":"2024-03-25T15:44:12","slug":"stages-des-vacances-de-printemps","status":"publish","type":"post","link":"https:\/\/saint-remy-chevreuse-tt.fr\/index.php\/2023\/04\/10\/stages-des-vacances-de-printemps\/","title":{"rendered":"Stages des vacances de printemps"},"content":{"rendered":"\t\t<div data-elementor-type=\"wp-post\" data-elementor-id=\"2965\" class=\"elementor elementor-2965\">\n\t\t\t\t\t\t<section class=\"elementor-section elementor-top-section elementor-element elementor-element-12e1b7e elementor-section-boxed elementor-section-height-default elementor-section-height-default\" data-id=\"12e1b7e\" data-element_type=\"section\">\n\t\t\t\t\t\t<div class=\"elementor-container elementor-column-gap-default\">\n\t\t\t\t\t<div class=\"elementor-column elementor-col-100 elementor-top-column elementor-element elementor-element-4d35ea4\" data-id=\"4d35ea4\" data-element_type=\"column\">\n\t\t\t<div class=\"elementor-widget-wrap elementor-element-populated\">\n\t\t\t\t\t\t<div class=\"elementor-element elementor-element-4d66e63 elementor-widget elementor-widget-text-editor\" data-id=\"4d66e63\" data-element_type=\"widget\" data-widget_type=\"text-editor.default\">\n\t\t\t\t<div class=\"elementor-widget-container\">\n\t\t\t\t\t\t\t<div dir=\"ltr\">Le club organise ses stages des vacances de printemps.<\/div><div dir=\"ltr\">\u00a0<\/div><div dir=\"ltr\"><strong>Stage N\u00b01 : Lundi 24 au Vendredi 28 avril 2023<\/strong><\/div><div dir=\"ltr\"><strong>Stage N\u00b02 : Mardi 02 au Vendredi 04 mai 2023<\/strong><\/div><div dir=\"ltr\">\u00a0<\/div><div dir=\"ltr\"><p>Ces stages s\u2019adressent aux jeunes adh\u00e9rents qui souhaitent se perfectionner et aux non adh\u00e9rents qui d\u00e9sirent pratiquer le tennis de table pendant les vacances scolaires.<\/p><div><p><strong>Programme <\/strong>: Coup droit et revers, panier de balles, attaque et d\u00e9fense, service et jeux de relaxation\u2026.<strong><br \/>Repas <\/strong>pris sur place (les stagiaires apportent leur panier repas). &#8211; Possibilit\u00e9 d\u2019utiliser un micro-onde.<br \/><strong><br \/>T<\/strong><strong>arifs <\/strong>: <strong>Stage <\/strong><strong>N\u00b0<\/strong><strong>1\u00a0: 100\u20ac<br \/>\u00a0\u00a0\u00a0\u00a0\u00a0\u00a0\u00a0\u00a0\u00a0\u00a0\u00a0\u00a0 Stage <\/strong><strong>N\u00b0<\/strong><strong>2 :\u00a0 80\u20ac<\/strong><\/p><\/div><\/div><div><p>Inscriptions aupr\u00e8s des entraineurs ou fiche d&rsquo;inscription \u00e0 remettre aux entraineurs.<br \/><a href=\"https:\/\/drive.google.com\/file\/d\/1Lv3cDA5wbyLapjAfuBrHIZTLpSDa166A\/view?usp=share_link\">Fiche d&rsquo;inscription (cliquez ici pour t\u00e9l\u00e9charger le document).<\/a><\/p><\/div><div dir=\"ltr\"><div dir=\"ltr\">\u00a0<\/div><div dir=\"ltr\">Sportivement.<\/div><div dir=\"ltr\">\u00a0<\/div><\/div>\t\t\t\t\t\t<\/div>\n\t\t\t\t<\/div>\n\t\t\t\t\t<\/div>\n\t\t<\/div>\n\t\t\t\t\t<\/div>\n\t\t<\/section>\n\t\t\t\t<\/div>\n\t\t","protected":false},"excerpt":{"rendered":"<p>Le club organise ses stages des vacances de printemps.&nbsp;Stage N\u00b01 : Lundi 24 au Vendredi 28 avril 2023Stage N\u00b02 : Mardi 02 au Vendredi 04 mai 2023&nbsp; Ces stages s\u2019adressent aux jeunes adh\u00e9rents qui souhaitent se perfectionner et aux non adh\u00e9rents qui d\u00e9sirent pratiquer le tennis de table pendant les vacances scolaires. Programme : Coup [&hellip;]<\/p>\n","protected":false},"author":1,"featured_media":0,"comment_status":"closed","ping_status":"closed","sticky":false,"template":"","format":"standard","meta":{"_jetpack_memberships_contains_paid_content":false,"footnotes":"","jetpack_publicize_message":"","jetpack_publicize_feature_enabled":true,"jetpack_social_post_already_shared":true,"jetpack_social_options":{"image_generator_settings":{"template":"highway","enabled":false},"version":2}},"categories":[37],"tags":[],"class_list":["post-2965","post","type-post","status-publish","format-standard","hentry","category-article"],"jetpack_publicize_connections":[],"aioseo_notices":[],"jetpack_featured_media_url":"","jetpack_sharing_enabled":true,"jetpack_shortlink":"https:\/\/wp.me\/p9Eq5I-LP","jetpack_likes_enabled":false,"jetpack-related-posts":[],"post_mailing_queue_ids":[],"_links":{"self":[{"href":"https:\/\/saint-remy-chevreuse-tt.fr\/index.php\/wp-json\/wp\/v2\/posts\/2965"}],"collection":[{"href":"https:\/\/saint-remy-chevreuse-tt.fr\/index.php\/wp-json\/wp\/v2\/posts"}],"about":[{"href":"https:\/\/saint-remy-chevreuse-tt.fr\/index.php\/wp-json\/wp\/v2\/types\/post"}],"author":[{"embeddable":true,"href":"https:\/\/saint-remy-chevreuse-tt.fr\/index.php\/wp-json\/wp\/v2\/users\/1"}],"replies":[{"embeddable":true,"href":"https:\/\/saint-remy-chevreuse-tt.fr\/index.php\/wp-json\/wp\/v2\/comments?post=2965"}],"version-history":[{"count":4,"href":"https:\/\/saint-remy-chevreuse-tt.fr\/index.php\/wp-json\/wp\/v2\/posts\/2965\/revisions"}],"predecessor-version":[{"id":3015,"href":"https:\/\/saint-remy-chevreuse-tt.fr\/index.php\/wp-json\/wp\/v2\/posts\/2965\/revisions\/3015"}],"wp:attachment":[{"href":"https:\/\/saint-remy-chevreuse-tt.fr\/index.php\/wp-json\/wp\/v2\/media?parent=2965"}],"wp:term":[{"taxonomy":"category","embeddable":true,"href":"https:\/\/saint-remy-chevreuse-tt.fr\/index.php\/wp-json\/wp\/v2\/categories?post=2965"},{"taxonomy":"post_tag","embeddable":true,"href":"https:\/\/saint-remy-chevreuse-tt.fr\/index.php\/wp-json\/wp\/v2\/tags?post=2965"}],"curies":[{"name":"wp","href":"https:\/\/api.w.org\/{rel}","templated":true}]}}